{"id":46828,"date":"2025-08-05T10:35:04","date_gmt":"2025-08-05T07:35:04","guid":{"rendered":"https:\/\/www.egemtv.com\/?p=46828"},"modified":"2025-08-05T10:35:05","modified_gmt":"2025-08-05T07:35:05","slug":"gedizde-2inci-noter-hizmet-vermeye-basladi","status":"publish","type":"post","link":"https:\/\/www.egemtv.com\/?p=46828","title":{"rendered":"Gediz\u2019de 2\u2019inci noter hizmet vermeye ba\u015flad\u0131"},"content":{"rendered":"<p>K\u00fctahya\u2019n\u0131n Gediz il\u00e7esinde artan n\u00fcfus yo\u011funlu\u011fu ve noterlik hizmetlerine olan talep \u00fczerine, il\u00e7eye 2\u2019nci noterlik a\u00e7\u0131ld\u0131.<br \/>\n<br \/>Sivas\u2019\u0131n G\u00f6lova il\u00e7esinden atanan Ay\u015feg\u00fcl \u00d6zbek Ok\u00e7u, Gediz\u2019deki yeni g\u00f6revine ba\u015flayarak vatanda\u015flara hizmet vermeye ba\u015flad\u0131. Bu geli\u015fme, Gediz halk\u0131 i\u00e7in noterlik i\u015flemlerinde ya\u015fanan yo\u011funlu\u011fu azaltarak s\u00fcreci h\u0131zland\u0131racak \u00f6nemli bir ad\u0131m olarak de\u011ferlendirildi. \u0130kinci noterli\u011fin a\u00e7\u0131lmas\u0131n\u0131n vek\u00e2letname, ara\u00e7 sat\u0131\u015f gibi i\u015flemlerin daha k\u0131sa s\u00fcrede tamamlanmas\u0131n\u0131 sa\u011flayarak vatanda\u015flar\u0131n i\u015flerini kolayla\u015ft\u0131raca\u011f\u0131 belirtildi. Bu yeni hizmetin Gediz\u2019in geli\u015fen yap\u0131s\u0131na ve artan ihtiya\u00e7lar\u0131na cevap veren \u00f6nemli bir kamu hizmeti olarak \u00f6ne \u00e7\u0131kt\u0131\u011f\u0131 ifade edildi.<\/p>\n<p>&#8220;1 A\u011fustos\u2019tan itibaren i\u015flem kabul etmeye ba\u015flad\u0131k&#8221;<br \/>\n<br \/>Gediz 2. Noteri Ay\u015feg\u00fcl \u00d6zbek Ok\u00e7u, yeni g\u00f6reviyle ilgili yapt\u0131\u011f\u0131 a\u00e7\u0131klamada, &#8220;Sivas G\u00f6lova il\u00e7esinden Adalet Bakanl\u0131\u011f\u0131 taraf\u0131ndan atand\u0131m. Gediz il\u00e7esine 2\u2019nci bir noterlik kuruldu. 1 A\u011fustos\u2019tan itibaren i\u015flem kabul etmeye ba\u015flad\u0131k. Noter i\u015flemlerini in\u015fallah sa\u011fl\u0131kl\u0131 ve h\u0131zl\u0131 bir \u015fekilde s\u00fcrd\u00fcrmek i\u00e7in u\u011fra\u015f\u0131yoruz. Gediz halk\u0131n\u0131, ilk tan\u0131d\u0131klar\u0131m\u0131 \u00e7ok sevdim. \u00c7ok g\u00fczel bir \u015fehriniz var. Burada bulunup g\u00f6rev yapt\u0131\u011f\u0131m s\u00fcre i\u00e7erisinde t\u00fcm Gediz\u2019e hakk\u0131yla, hukukuyla hizmet veririm. Elimden geleni yapmak i\u00e7in gayret g\u00f6steririm. Gediz halk\u0131na te\u015fekk\u00fcr ederim&#8221; diyerek iyi dileklerini payla\u015ft\u0131.<br \/><\/p>\n","protected":false},"excerpt":{"rendered":"<p>K\u00fctahya\u2019n\u0131n Gediz il\u00e7esinde artan n\u00fcfus yo\u011funlu\u011fu ve noterlik hizmetlerine olan talep \u00fczerine, il\u00e7eye 2\u2019nci noterlik a\u00e7\u0131ld\u0131. Sivas\u2019\u0131n G\u00f6lova il\u00e7esinden atanan Ay\u015feg\u00fcl \u00d6zbek Ok\u00e7u, Gediz\u2019deki yeni g\u00f6revine ba\u015flayarak vatanda\u015flara hizmet vermeye ba\u015flad\u0131. Bu geli\u015fme, Gediz halk\u0131 i\u00e7in noterlik i\u015flemlerinde ya\u015fanan yo\u011funlu\u011fu azaltarak s\u00fcreci h\u0131zland\u0131racak \u00f6nemli bir ad\u0131m olarak de\u011ferlendirildi. \u0130kinci noterli\u011fin a\u00e7\u0131lmas\u0131n\u0131n vek\u00e2letname, ara\u00e7 sat\u0131\u015f gibi&#8230;<\/p>\n","protected":false},"author":1,"featured_media":46829,"comment_status":"open","ping_status":"open","sticky":false,"template":"","format":"standard","meta":{"_crdt_document":"","footnotes":""},"categories":[123],"tags":[],"class_list":["post-46828","post","type-post","status-publish","format-standard","has-post-thumbnail","hentry","category-gundem"],"_links":{"self":[{"href":"https:\/\/www.egemtv.com\/index.php?rest_route=\/wp\/v2\/posts\/46828","targetHints":{"allow":["GET"]}}],"collection":[{"href":"https:\/\/www.egemtv.com\/index.php?rest_route=\/wp\/v2\/posts"}],"about":[{"href":"https:\/\/www.egemtv.com\/index.php?rest_route=\/wp\/v2\/types\/post"}],"author":[{"embeddable":true,"href":"https:\/\/www.egemtv.com\/index.php?rest_route=\/wp\/v2\/users\/1"}],"replies":[{"embeddable":true,"href":"https:\/\/www.egemtv.com\/index.php?rest_route=%2Fwp%2Fv2%2Fcomments&post=46828"}],"version-history":[{"count":1,"href":"https:\/\/www.egemtv.com\/index.php?rest_route=\/wp\/v2\/posts\/46828\/revisions"}],"predecessor-version":[{"id":46830,"href":"https:\/\/www.egemtv.com\/index.php?rest_route=\/wp\/v2\/posts\/46828\/revisions\/46830"}],"wp:featuredmedia":[{"embeddable":true,"href":"https:\/\/www.egemtv.com\/index.php?rest_route=\/wp\/v2\/media\/46829"}],"wp:attachment":[{"href":"https:\/\/www.egemtv.com\/index.php?rest_route=%2Fwp%2Fv2%2Fmedia&parent=46828"}],"wp:term":[{"taxonomy":"category","embeddable":true,"href":"https:\/\/www.egemtv.com\/index.php?rest_route=%2Fwp%2Fv2%2Fcategories&post=46828"},{"taxonomy":"post_tag","embeddable":true,"href":"https:\/\/www.egemtv.com\/index.php?rest_route=%2Fwp%2Fv2%2Ftags&post=46828"}],"curies":[{"name":"wp","href":"https:\/\/api.w.org\/{rel}","templated":true}]}}