{"id":46825,"date":"2025-08-05T10:35:03","date_gmt":"2025-08-05T07:35:03","guid":{"rendered":"https:\/\/www.egemtv.com\/?p=46825"},"modified":"2025-08-05T10:35:04","modified_gmt":"2025-08-05T07:35:04","slug":"dugun-degil-adeta-sinav","status":"publish","type":"post","link":"https:\/\/www.egemtv.com\/?p=46825","title":{"rendered":"D\u00fc\u011f\u00fcn de\u011fil adeta s\u0131nav"},"content":{"rendered":"<p>MAN\u0130SA (\u0130HA) \u2013 Manisa\u2019n\u0131n Selendi il\u00e7esinde d\u00fczenlenen d\u00fc\u011f\u00fcn t\u00f6reninde damad\u0131n arkada\u015flar\u0131, geleneksel \u015fakalar\u0131 bir ad\u0131m \u00f6teye ta\u015f\u0131yarak damada unutulmaz anlar ya\u015fatt\u0131.<br \/>\n<br \/>Merve \u0130\u015flek ile Emrullah \u00c7elik \u00e7ifti, g\u00f6rkemli bir t\u00f6renle d\u00fcnyaevine girdi. Selendi il\u00e7e merkezinden Tepeeynihan Mahallesi\u2019ne gelin gelen Merve \u0130\u015flek, damad\u0131n baba oca\u011f\u0131na ula\u015ft\u0131\u011f\u0131nda e\u011flenceli oldu\u011fu kadar ilgin\u00e7 anlara da tan\u0131kl\u0131k etti.<br \/>\n<br \/>Damad\u0131n arkada\u015flar\u0131, geleneksel \u015faka ve e\u011flenceleri abartarak damat Emrullah \u00c7elik\u2019e adeta d\u00fc\u011f\u00fcn yerine bir e\u011flence s\u0131nav\u0131 ya\u015fatt\u0131. D\u00fc\u011f\u00fcn e\u011flencesi s\u0131ras\u0131nda \u00f6nce battaniyeye sar\u0131lan damada biberonla s\u00fct i\u00e7irildi. Ard\u0131ndan meydanda kahve yapt\u0131r\u0131lan damat, yapt\u0131\u011f\u0131 kahveyi geline ikram etti.<\/p>\n<p>Menemen de yapt\u0131, yumurta da yedi!<br \/>\n<br \/>S\u00fcrprizler bununla da s\u0131n\u0131rl\u0131 kalmad\u0131. Damat ve sa\u011fd\u0131c\u0131n ba\u015f\u0131nda yumurta k\u0131ran arkada\u015flar\u0131, ard\u0131ndan gazl\u0131 i\u00e7ecek d\u00f6kt\u00fc. Damad\u0131n &#8220;son g\u00f6revi&#8221; ise mahalle meydan\u0131nda menemen yapmak oldu. Damat menemen yaparken arkada\u015flar\u0131 da bu e\u011flenceli anlara ortak oldu.<br \/>\n<br \/>Mahalle halk\u0131 ve davetliler, bu renkli g\u00f6r\u00fcnt\u00fcleri ilgiyle izlerken, damat ise hayat\u0131n\u0131n en \u00f6zel g\u00fcn\u00fcnde, arkada\u015flar\u0131n\u0131n s\u00fcrprizleriyle hem e\u011flendi hem de zor anlar ya\u015fad\u0131.<br \/><\/p>\n","protected":false},"excerpt":{"rendered":"<p>MAN\u0130SA (\u0130HA) \u2013 Manisa\u2019n\u0131n Selendi il\u00e7esinde d\u00fczenlenen d\u00fc\u011f\u00fcn t\u00f6reninde damad\u0131n arkada\u015flar\u0131, geleneksel \u015fakalar\u0131 bir ad\u0131m \u00f6teye ta\u015f\u0131yarak damada unutulmaz anlar ya\u015fatt\u0131. Merve \u0130\u015flek ile Emrullah \u00c7elik \u00e7ifti, g\u00f6rkemli bir t\u00f6renle d\u00fcnyaevine girdi. Selendi il\u00e7e merkezinden Tepeeynihan Mahallesi\u2019ne gelin gelen Merve \u0130\u015flek, damad\u0131n baba oca\u011f\u0131na ula\u015ft\u0131\u011f\u0131nda e\u011flenceli oldu\u011fu kadar ilgin\u00e7 anlara da tan\u0131kl\u0131k etti. Damad\u0131n arkada\u015flar\u0131,&#8230;<\/p>\n","protected":false},"author":1,"featured_media":46826,"comment_status":"open","ping_status":"open","sticky":false,"template":"","format":"standard","meta":{"_crdt_document":"","footnotes":""},"categories":[1],"tags":[],"class_list":["post-46825","post","type-post","status-publish","format-standard","has-post-thumbnail","hentry","category-guncel"],"_links":{"self":[{"href":"https:\/\/www.egemtv.com\/index.php?rest_route=\/wp\/v2\/posts\/46825","targetHints":{"allow":["GET"]}}],"collection":[{"href":"https:\/\/www.egemtv.com\/index.php?rest_route=\/wp\/v2\/posts"}],"about":[{"href":"https:\/\/www.egemtv.com\/index.php?rest_route=\/wp\/v2\/types\/post"}],"author":[{"embeddable":true,"href":"https:\/\/www.egemtv.com\/index.php?rest_route=\/wp\/v2\/users\/1"}],"replies":[{"embeddable":true,"href":"https:\/\/www.egemtv.com\/index.php?rest_route=%2Fwp%2Fv2%2Fcomments&post=46825"}],"version-history":[{"count":1,"href":"https:\/\/www.egemtv.com\/index.php?rest_route=\/wp\/v2\/posts\/46825\/revisions"}],"predecessor-version":[{"id":46827,"href":"https:\/\/www.egemtv.com\/index.php?rest_route=\/wp\/v2\/posts\/46825\/revisions\/46827"}],"wp:featuredmedia":[{"embeddable":true,"href":"https:\/\/www.egemtv.com\/index.php?rest_route=\/wp\/v2\/media\/46826"}],"wp:attachment":[{"href":"https:\/\/www.egemtv.com\/index.php?rest_route=%2Fwp%2Fv2%2Fmedia&parent=46825"}],"wp:term":[{"taxonomy":"category","embeddable":true,"href":"https:\/\/www.egemtv.com\/index.php?rest_route=%2Fwp%2Fv2%2Fcategories&post=46825"},{"taxonomy":"post_tag","embeddable":true,"href":"https:\/\/www.egemtv.com\/index.php?rest_route=%2Fwp%2Fv2%2Ftags&post=46825"}],"curies":[{"name":"wp","href":"https:\/\/api.w.org\/{rel}","templated":true}]}}