{"id":46822,"date":"2025-08-05T10:35:02","date_gmt":"2025-08-05T07:35:02","guid":{"rendered":"https:\/\/www.egemtv.com\/?p=46822"},"modified":"2025-08-05T10:35:03","modified_gmt":"2025-08-05T07:35:03","slug":"kutahyada-uyusturucu-operasyonu-5-kisi-tutuklandi","status":"publish","type":"post","link":"https:\/\/www.egemtv.com\/?p=46822","title":{"rendered":"K\u00fctahya\u2019da uyu\u015fturucu operasyonu: 5 ki\u015fi tutukland\u0131"},"content":{"rendered":"<p>K\u00fctahya\u2019da polis ekiplerince d\u00fczenlenen uyu\u015fturucu operasyonunda adliyeye sevk edilen 5 \u015f\u00fcpheli tutukland\u0131. , narkotik maddeler<br \/>\n<br \/>Edinilen bilgilere g\u00f6re; K\u00fctahya \u0130l Emniyet M\u00fcd\u00fcrl\u00fc\u011f\u00fc\u2019ne ba\u011fl\u0131 Narkotim ekipleri, uyu\u015fturucu madde kullan\u0131m\u0131n\u0131 ve dola\u015f\u0131m\u0131n\u0131 \u00f6nlemeye y\u00f6nelik \u00e7al\u0131\u015fmalar s\u00fcr\u00fcyor. Bu \u00e7er\u00e7evede, uyu\u015fturucu ticareti yapan ki\u015filer polis ekiplerince tespit edildi. D\u00fczenlenen operasyonda 5 \u015f\u00fcpheli g\u00f6zalt\u0131na al\u0131nd\u0131. \u015e\u00fcphelilerin \u00fczerlerinde ve ara\u00e7lar\u0131nda yap\u0131lan aramalarda 28,73 gram kokain ve 41 kutu halinde toplam 2 bin 257 adet sentetik ecza ele ge\u00e7irildi. Emniyetteki i\u015flemlerinin ard\u0131ndan adliyeye sevk edilen \u015f\u00fcphelilerin tutuklanarak cezaevine g\u00f6nderildi\u011fi \u00f6\u011frenildi.<br \/><\/p>\n","protected":false},"excerpt":{"rendered":"<p>K\u00fctahya\u2019da polis ekiplerince d\u00fczenlenen uyu\u015fturucu operasyonunda adliyeye sevk edilen 5 \u015f\u00fcpheli tutukland\u0131. , narkotik maddeler Edinilen bilgilere g\u00f6re; K\u00fctahya \u0130l Emniyet M\u00fcd\u00fcrl\u00fc\u011f\u00fc\u2019ne ba\u011fl\u0131 Narkotim ekipleri, uyu\u015fturucu madde kullan\u0131m\u0131n\u0131 ve dola\u015f\u0131m\u0131n\u0131 \u00f6nlemeye y\u00f6nelik \u00e7al\u0131\u015fmalar s\u00fcr\u00fcyor. Bu \u00e7er\u00e7evede, uyu\u015fturucu ticareti yapan ki\u015filer polis ekiplerince tespit edildi. D\u00fczenlenen operasyonda 5 \u015f\u00fcpheli g\u00f6zalt\u0131na al\u0131nd\u0131. \u015e\u00fcphelilerin \u00fczerlerinde ve ara\u00e7lar\u0131nda yap\u0131lan&#8230;<\/p>\n","protected":false},"author":1,"featured_media":46823,"comment_status":"open","ping_status":"open","sticky":false,"template":"","format":"standard","meta":{"_crdt_document":"","footnotes":""},"categories":[5],"tags":[],"class_list":["post-46822","post","type-post","status-publish","format-standard","has-post-thumbnail","hentry","category-asayis"],"_links":{"self":[{"href":"https:\/\/www.egemtv.com\/index.php?rest_route=\/wp\/v2\/posts\/46822","targetHints":{"allow":["GET"]}}],"collection":[{"href":"https:\/\/www.egemtv.com\/index.php?rest_route=\/wp\/v2\/posts"}],"about":[{"href":"https:\/\/www.egemtv.com\/index.php?rest_route=\/wp\/v2\/types\/post"}],"author":[{"embeddable":true,"href":"https:\/\/www.egemtv.com\/index.php?rest_route=\/wp\/v2\/users\/1"}],"replies":[{"embeddable":true,"href":"https:\/\/www.egemtv.com\/index.php?rest_route=%2Fwp%2Fv2%2Fcomments&post=46822"}],"version-history":[{"count":1,"href":"https:\/\/www.egemtv.com\/index.php?rest_route=\/wp\/v2\/posts\/46822\/revisions"}],"predecessor-version":[{"id":46824,"href":"https:\/\/www.egemtv.com\/index.php?rest_route=\/wp\/v2\/posts\/46822\/revisions\/46824"}],"wp:featuredmedia":[{"embeddable":true,"href":"https:\/\/www.egemtv.com\/index.php?rest_route=\/wp\/v2\/media\/46823"}],"wp:attachment":[{"href":"https:\/\/www.egemtv.com\/index.php?rest_route=%2Fwp%2Fv2%2Fmedia&parent=46822"}],"wp:term":[{"taxonomy":"category","embeddable":true,"href":"https:\/\/www.egemtv.com\/index.php?rest_route=%2Fwp%2Fv2%2Fcategories&post=46822"},{"taxonomy":"post_tag","embeddable":true,"href":"https:\/\/www.egemtv.com\/index.php?rest_route=%2Fwp%2Fv2%2Ftags&post=46822"}],"curies":[{"name":"wp","href":"https:\/\/api.w.org\/{rel}","templated":true}]}}