{"id":46819,"date":"2025-08-05T10:35:01","date_gmt":"2025-08-05T07:35:01","guid":{"rendered":"https:\/\/www.egemtv.com\/?p=46819"},"modified":"2025-08-05T10:35:02","modified_gmt":"2025-08-05T07:35:02","slug":"gediz-uluoymak-aile-sagligi-merkezine-2-yeni-hekim-atamasi-yapildi","status":"publish","type":"post","link":"https:\/\/www.egemtv.com\/?p=46819","title":{"rendered":"Gediz Uluoymak Aile Sa\u011fl\u0131\u011f\u0131 Merkezi\u2019ne 2 yeni hekim atamas\u0131 yap\u0131ld\u0131"},"content":{"rendered":"<p>K\u00fctahya\u2019n\u0131n Gediz il\u00e7esinde bulunan Uluoymak Aile Sa\u011fl\u0131\u011f\u0131 Merkezi\u2019ne (ASM) 2 yeni aile hekimi atamas\u0131 ger\u00e7ekle\u015ftirildi.<br \/>\n<br \/>Uluoymak ASM\u2019de ge\u00e7ti\u011fimiz ay Dr. \u0130brahim Yaktubay\u2019\u0131n ani vefat\u0131 ve Dr. Besim Kele\u015f\u2019in emekli olmas\u0131yla olu\u015fan yo\u011funluk, yeni atamalarla giderilmi\u015f oldu. Uluoymak ASM\u2019nin 3 nolu birimine, Tav\u015fanl\u0131 Devlet Hastanesi\u2019nden Dr. Muhammed Ali Kaya atan\u0131rken, 4 nolu birime ise Gediz Devlet Hastanesi\u2019nden Dr. S\u00fcleyman G\u00fczelyurt getirilerek g\u00f6revlerine ba\u015flad\u0131lar. Gediz genelindeki aile hekimi da\u011f\u0131l\u0131m\u0131 ise; Uluoymak ASM\u2019ye 6 hekim, Salur ASM\u2019ye 3 hekim, Day\u0131nlar ASM\u2019ye 2 hekim, Eskigediz ASM\u2019ye 2 hekim, Yenikent ASM\u2019ye 2 hekim, G\u00f6kler ASM\u2019ye 1 hekim, Erdo\u011fmu\u015f ASM\u2019ye 1 hekim, Yunuslar ASM\u2019ye 1 hekim ve Ye\u015fil\u00e7ay ASM\u2019ye 1 hekim \u015feklinde oldu. Bu atamalarla birlikte Gediz merkez ve k\u00f6ylerindeki toplam aile hekimi say\u0131s\u0131 19\u2019a y\u00fckseldi.<\/p>\n<p>&#8220;Gediz halk\u0131m\u0131za sunulan sa\u011fl\u0131k hizmetlerinin kalitesi ve eri\u015filebilirli\u011fi daha da artacakt\u0131r&#8221;<br \/>\n<br \/>\u0130l\u00e7e Sa\u011fl\u0131k M\u00fcd\u00fcr\u00fc Dr. \u00d6mer Or\u00e7un Erdo\u011fan, yeni atamalarla ilgili yapt\u0131\u011f\u0131 a\u00e7\u0131klamada, &#8220;Ya\u015fanan \u00fcz\u00fcc\u00fc kay\u0131plar ve emeklilikler sonras\u0131 Uluoymak ASM\u2019deki yo\u011funlu\u011fu gidermek i\u00e7in 2 de\u011ferli hekimimizin atamas\u0131 yap\u0131ld\u0131. Dr. Muhammed Ali Kaya ve Dr. S\u00fcleyman G\u00fczelyurt hocalar\u0131m\u0131z g\u00f6revlerine ba\u015flad\u0131lar. Bu atamalar sayesinde, Gediz halk\u0131m\u0131za sunulan sa\u011fl\u0131k hizmetlerinin kalitesi ve eri\u015filebilirli\u011fi daha da artacakt\u0131r. Kendilerine yeni g\u00f6revlerinde ba\u015far\u0131lar diliyorum. Gediz\u2019imize hay\u0131rl\u0131 olsun&#8221; dedi.<br \/><\/p>\n","protected":false},"excerpt":{"rendered":"<p>K\u00fctahya\u2019n\u0131n Gediz il\u00e7esinde bulunan Uluoymak Aile Sa\u011fl\u0131\u011f\u0131 Merkezi\u2019ne (ASM) 2 yeni aile hekimi atamas\u0131 ger\u00e7ekle\u015ftirildi. Uluoymak ASM\u2019de ge\u00e7ti\u011fimiz ay Dr. \u0130brahim Yaktubay\u2019\u0131n ani vefat\u0131 ve Dr. Besim Kele\u015f\u2019in emekli olmas\u0131yla olu\u015fan yo\u011funluk, yeni atamalarla giderilmi\u015f oldu. Uluoymak ASM\u2019nin 3 nolu birimine, Tav\u015fanl\u0131 Devlet Hastanesi\u2019nden Dr. Muhammed Ali Kaya atan\u0131rken, 4 nolu birime ise Gediz Devlet&#8230;<\/p>\n","protected":false},"author":1,"featured_media":46820,"comment_status":"open","ping_status":"open","sticky":false,"template":"","format":"standard","meta":{"_crdt_document":"","footnotes":""},"categories":[2],"tags":[],"class_list":["post-46819","post","type-post","status-publish","format-standard","has-post-thumbnail","hentry","category-saglik"],"_links":{"self":[{"href":"https:\/\/www.egemtv.com\/index.php?rest_route=\/wp\/v2\/posts\/46819","targetHints":{"allow":["GET"]}}],"collection":[{"href":"https:\/\/www.egemtv.com\/index.php?rest_route=\/wp\/v2\/posts"}],"about":[{"href":"https:\/\/www.egemtv.com\/index.php?rest_route=\/wp\/v2\/types\/post"}],"author":[{"embeddable":true,"href":"https:\/\/www.egemtv.com\/index.php?rest_route=\/wp\/v2\/users\/1"}],"replies":[{"embeddable":true,"href":"https:\/\/www.egemtv.com\/index.php?rest_route=%2Fwp%2Fv2%2Fcomments&post=46819"}],"version-history":[{"count":1,"href":"https:\/\/www.egemtv.com\/index.php?rest_route=\/wp\/v2\/posts\/46819\/revisions"}],"predecessor-version":[{"id":46821,"href":"https:\/\/www.egemtv.com\/index.php?rest_route=\/wp\/v2\/posts\/46819\/revisions\/46821"}],"wp:featuredmedia":[{"embeddable":true,"href":"https:\/\/www.egemtv.com\/index.php?rest_route=\/wp\/v2\/media\/46820"}],"wp:attachment":[{"href":"https:\/\/www.egemtv.com\/index.php?rest_route=%2Fwp%2Fv2%2Fmedia&parent=46819"}],"wp:term":[{"taxonomy":"category","embeddable":true,"href":"https:\/\/www.egemtv.com\/index.php?rest_route=%2Fwp%2Fv2%2Fcategories&post=46819"},{"taxonomy":"post_tag","embeddable":true,"href":"https:\/\/www.egemtv.com\/index.php?rest_route=%2Fwp%2Fv2%2Ftags&post=46819"}],"curies":[{"name":"wp","href":"https:\/\/api.w.org\/{rel}","templated":true}]}}