{"id":46816,"date":"2025-08-05T10:35:00","date_gmt":"2025-08-05T07:35:00","guid":{"rendered":"https:\/\/www.egemtv.com\/?p=46816"},"modified":"2025-08-05T10:35:01","modified_gmt":"2025-08-05T07:35:01","slug":"izmir-ekonomi-universitesi-mezunlari-basarilariyla-dunyayi-fethettiler","status":"publish","type":"post","link":"https:\/\/www.egemtv.com\/?p=46816","title":{"rendered":"\u0130zmir Ekonomi \u00dcniversitesi mezunlar\u0131 ba\u015far\u0131lar\u0131yla d\u00fcnyay\u0131 fethettiler"},"content":{"rendered":"<p>\u0130zmir Ekonomi \u00dcniversitesi\u2019nde (\u0130E\u00dc) ald\u0131klar\u0131 lisans\u00fcst\u00fc e\u011fitim sayesinde d\u00fcnyaya a\u00e7\u0131lan \u0130rem Cabbaro\u011flu, Melike Demirba\u011f Kaplan, \u0130smail Karaba\u015f ve U\u011fur Turan, ba\u015far\u0131lar\u0131yla k\u0131talar\u0131 a\u015farak T\u00fcrkiye\u2019nin gururlar\u0131 oldu.<br \/>\n<br \/>\u0130zmir\u2019den Almanya\u2019ya, New York\u2019a ve d\u00fcnyan\u0131n bir\u00e7ok farkl\u0131 noktas\u0131na ula\u015fan, ilham veren hayat \u00f6yk\u00fclerine imza atan \u0130E\u00dc mezunlar\u0131, \u00f6rnek g\u00f6sterilen profesyoneller haline geldi. Mimar \u0130rem Cabbaro\u011flu, Amerika\u2019n\u0131n en b\u00fcy\u00fck ofislerinde yakla\u015f\u0131k 10 y\u0131ld\u0131r mesle\u011fini ba\u015far\u0131yla s\u00fcrd\u00fcr\u00fcrken, i\u015fletme alan\u0131nda \u00fcst d\u00fczey bilgiye sahip olan Prof. Dr. Melike Demirba\u011f Kaplan ise Alman Uluslararas\u0131 \u00dcnversitesi\u2019nde rekt\u00f6r yard\u0131mc\u0131s\u0131 oldu. Enerji d\u00f6n\u00fc\u015f\u00fcm\u00fc, iklim politikalar\u0131 ve s\u00fcrd\u00fcr\u00fclebilir kalk\u0131nma hedeflerine odaklanan U\u011fur Turan, \u2018CICA\u2019 adl\u0131 uluslararas\u0131 \u00f6rg\u00fctte \u00e7evre uzman\u0131 g\u00f6revine getirildi. Lojistik y\u00f6netimi alan\u0131nda uzmanla\u015fan Do\u00e7. Dr. \u0130smail Karaba\u015f da \u015fimdiye kadar 20\u2019nin \u00fczerinde akademik makale yay\u0131mlayarak ABD, Meksika, Hollanda ve \u00c7in gibi bir\u00e7ok \u00fclkede dersler verdi. T\u00fcrkiye\u2019yi en iyi \u015fekilde temsil eden 4 isim, hedeflenen kariyere ula\u015fmak i\u00e7in lisans\u00fcst\u00fc e\u011fitimin ve do\u011fru \u00fcniversite se\u00e7iminin \u00f6nemine dikkat \u00e7eken mesajlar verdi.<\/p>\n<p>&#8220;K\u00fcresel \u00f6l\u00e7ekte geli\u015ftim&#8221;<br \/>\n<br \/>\u0130E\u00dc Mimarl\u0131k Tezli Y\u00fcksek Lisans Program\u0131\u2019n\u0131 ba\u015far\u0131yla tamamlayan \u0130rem Cabbaro\u011flu, &#8220;Farkl\u0131 akademik ge\u00e7mi\u015flere sahip hocalardan ald\u0131\u011f\u0131m dersler, mimarl\u0131\u011f\u0131 yaln\u0131zca bir tasar\u0131m prati\u011fi olarak de\u011fil; ayn\u0131 zamanda toplumsal, k\u00fclt\u00fcrel ve ekonomik dinamiklerle s\u00fcrekli etkile\u015fim i\u00e7inde olan \u00e7ok katmanl\u0131 bir disiplin olarak g\u00f6rmemi sa\u011flad\u0131. Bu g\u00fc\u00e7l\u00fc akademik temel, yurt d\u0131\u015f\u0131nda ikinci bir y\u00fcksek lisans yapmam\u0131 sa\u011flad\u0131 ve mimarl\u0131k anlay\u0131\u015f\u0131m\u0131 k\u00fcresel \u00f6l\u00e7ekte daha da zenginle\u015ftirdi. Son 10 y\u0131ld\u0131r, New York\u2019ta \u00f6nde gelen mimarl\u0131k ofislerinde \u00e7al\u0131\u015f\u0131yor, e\u011fitim s\u00fcrecimde kazand\u0131\u011f\u0131m \u00e7ok y\u00f6nl\u00fc bak\u0131\u015f a\u00e7\u0131s\u0131n\u0131 tasarlad\u0131\u011f\u0131m mekanlara yans\u0131t\u0131yorum. Mimarl\u0131\u011f\u0131n sadece fiziksel de\u011fil ayn\u0131 zamanda d\u00fc\u015f\u00fcnsel bir \u00fcretim alan\u0131 oldu\u011funa inanan bir profesyonel olarak kariyerime devam ediyorum&#8221; dedi.<\/p>\n<p>&#8220;Global bak\u0131\u015f a\u00e7\u0131s\u0131&#8221;<br \/>\n<br \/>\u0130E\u00dc \u0130\u015fletme Y\u00fcksek Lisans ve Doktora Program\u0131\u2019nda ald\u0131\u011f\u0131 e\u011fitiminin, akademiye ge\u00e7i\u015f s\u00fcrecinde kritik bir rol oynad\u0131\u011f\u0131n\u0131 dile getiren Prof. Dr. Melike Demirba\u011f Kaplan, &#8220;Daha \u00f6nce Kanada York \u00dcniversitesi\u2019nde misafir ara\u015ft\u0131rmac\u0131 olarak edindi\u011fim yurt d\u0131\u015f\u0131 deneyimini bir ad\u0131m \u00f6teye ta\u015f\u0131mak amac\u0131yla 2018 y\u0131l\u0131nda Almanya\u2019ya ta\u015f\u0131nd\u0131m ve Berlin\u2019de \u0130\u015fletme profes\u00f6r\u00fc olarak \u00e7al\u0131\u015fmaya ba\u015flad\u0131m. \u015eu anda da German International University\u2019de \u00f6\u011fretim \u00fcyesi ve rekt\u00f6r yard\u0131mc\u0131l\u0131\u011f\u0131 g\u00f6revlerini y\u00fcr\u00fctmekteyim. \u0130zmir Ekonomi \u00dcniversitesi\u2019nde ald\u0131\u011f\u0131m e\u011fitim, yaln\u0131zca akademik de\u011fil, y\u00f6netsel anlamda da beni gelece\u011fe haz\u0131rlayan, global bak\u0131\u015f a\u00e7\u0131s\u0131 ve vizyon kazanmam\u0131 sa\u011flayan \u00e7ok de\u011ferli bir deneyim oldu&#8221; diye konu\u015ftu.<\/p>\n<p>&#8220;En \u00f6nemli yap\u0131 ta\u015flar\u0131ndan biri&#8221;<br \/>\n<br \/>\u0130E\u00dc Lojistik Y\u00f6netimi Tezli Y\u00fcksek Lisans Program\u0131\u2019nda e\u011fitim ald\u0131\u011f\u0131 s\u00fcre\u00e7te edindi\u011fi bilgi birikimi, vizyon ve kazand\u0131\u011f\u0131 donan\u0131m sayesinde akademik hayata g\u00fc\u00e7l\u00fc bir ad\u0131m att\u0131\u011f\u0131n\u0131 ifade eden Do\u00e7. Dr. \u0130smail Karaba\u015f, &#8220;2013 y\u0131l\u0131nda Amerika Birle\u015fik Devletleri\u2019ne giderek Washington State \u00dcniversitesi\u2019nde pazarlama alan\u0131nda doktora e\u011fitimime ba\u015flad\u0131m ve 2018 y\u0131l\u0131nda tamamlad\u0131m. Ayn\u0131 y\u0131l, Kentucky eyaletindeki Murray State \u00dcniversitesi\u2019nde \u00f6\u011fretim \u00fcyesi olarak \u00e7al\u0131\u015fmaya ba\u015flad\u0131m. 2024 y\u0131l\u0131nda do\u00e7ent unvan\u0131n\u0131 ald\u0131m. Bug\u00fcne kadar 20\u2019nin \u00fczerinde akademik makale yay\u0131mlad\u0131m. Her y\u0131l ABD\u2019nin yan\u0131 s\u0131ra Meksika, Hollanda, \u00c7in ve hatta T\u00fcrkiye\u2019de de farkl\u0131 programlarda ders veriyorum. Kariyerimde geldi\u011fim bu noktan\u0131n en \u00f6nemli yap\u0131 ta\u015flar\u0131ndan biri de \u0130zmir Ekonomi \u00dcniversitesi\u2019dir. Y\u00fcksek lisans s\u0131ras\u0131nda ald\u0131\u011f\u0131m kaliteli e\u011fitim ve edindi\u011fim g\u00fc\u00e7l\u00fc vizyon, bug\u00fcnlere gelmemde \u00e7ok etkili oldu&#8221; ifadelerini kulland\u0131.<\/p>\n<p>&#8220;Ye\u015fil d\u00f6n\u00fc\u015f\u00fcm i\u00e7in diplomatik \u00e7al\u0131\u015fmalar&#8221;<br \/>\n<br \/>Mezun oldu\u011fu \u0130E\u00dc S\u00fcrd\u00fcr\u00fclebilir Enerji Y\u00fcksek Lisans Program\u0131\u2019n\u0131n, kendisine uluslararas\u0131 bir bak\u0131\u015f a\u00e7\u0131s\u0131, enerji ve \u00e7evre politikalar\u0131 hakk\u0131nda ise derin bir anlay\u0131\u015f kazand\u0131rd\u0131\u011f\u0131n\u0131 ifade eden U\u011fur Turan ise, &#8220;Bu s\u00fcrecin devam\u0131nda doktoram\u0131 tamamlad\u0131m ve akademik uzmanl\u0131\u011f\u0131m\u0131 g\u00fc\u00e7lendirdim. \u00c7al\u0131\u015fmalar\u0131mda Avrupa, T\u00fcrkiye ve Slav co\u011frafyas\u0131n\u0131n enerji d\u00f6n\u00fc\u015f\u00fcm\u00fc, iklim politikalar\u0131 ve s\u00fcrd\u00fcr\u00fclebilir kalk\u0131nma hedeflerine odakland\u0131m. \u015eu anda, Kazakistan\u2019da bulunan ve 28 \u00fcye \u00fclkesi olan The Conference on Interaction and Confidence Building Measures in Asia (CICA) uluslararas\u0131 \u00f6rg\u00fct\u00fcn\u00fcn sekreteryas\u0131nda \u00e7evre uzman\u0131 olarak \u00e7al\u0131\u015f\u0131yorum. Burada s\u00fcrd\u00fcr\u00fclebilir kalk\u0131nma, \u00e7evresel i\u015f birli\u011fi, iklim de\u011fi\u015fikli\u011fiyle m\u00fccadele ve ye\u015fil d\u00f6n\u00fc\u015f\u00fcm alanlar\u0131nda \u00e7ok tarafl\u0131 diplomatik ve teknik \u00e7al\u0131\u015fmalar y\u00fcr\u00fct\u00fcyorum. Akademik bilgimi, Asya co\u011frafyas\u0131nda prati\u011fe aktar\u0131yorum&#8221; dedi.<br \/><\/p>\n","protected":false},"excerpt":{"rendered":"<p>\u0130zmir Ekonomi \u00dcniversitesi\u2019nde (\u0130E\u00dc) ald\u0131klar\u0131 lisans\u00fcst\u00fc e\u011fitim sayesinde d\u00fcnyaya a\u00e7\u0131lan \u0130rem Cabbaro\u011flu, Melike Demirba\u011f Kaplan, \u0130smail Karaba\u015f ve U\u011fur Turan, ba\u015far\u0131lar\u0131yla k\u0131talar\u0131 a\u015farak T\u00fcrkiye\u2019nin gururlar\u0131 oldu. \u0130zmir\u2019den Almanya\u2019ya, New York\u2019a ve d\u00fcnyan\u0131n bir\u00e7ok farkl\u0131 noktas\u0131na ula\u015fan, ilham veren hayat \u00f6yk\u00fclerine imza atan \u0130E\u00dc mezunlar\u0131, \u00f6rnek g\u00f6sterilen profesyoneller haline geldi. Mimar \u0130rem Cabbaro\u011flu, Amerika\u2019n\u0131n en b\u00fcy\u00fck&#8230;<\/p>\n","protected":false},"author":1,"featured_media":46817,"comment_status":"open","ping_status":"open","sticky":false,"template":"","format":"standard","meta":{"_crdt_document":"","footnotes":""},"categories":[1],"tags":[],"class_list":["post-46816","post","type-post","status-publish","format-standard","has-post-thumbnail","hentry","category-guncel"],"_links":{"self":[{"href":"https:\/\/www.egemtv.com\/index.php?rest_route=\/wp\/v2\/posts\/46816","targetHints":{"allow":["GET"]}}],"collection":[{"href":"https:\/\/www.egemtv.com\/index.php?rest_route=\/wp\/v2\/posts"}],"about":[{"href":"https:\/\/www.egemtv.com\/index.php?rest_route=\/wp\/v2\/types\/post"}],"author":[{"embeddable":true,"href":"https:\/\/www.egemtv.com\/index.php?rest_route=\/wp\/v2\/users\/1"}],"replies":[{"embeddable":true,"href":"https:\/\/www.egemtv.com\/index.php?rest_route=%2Fwp%2Fv2%2Fcomments&post=46816"}],"version-history":[{"count":1,"href":"https:\/\/www.egemtv.com\/index.php?rest_route=\/wp\/v2\/posts\/46816\/revisions"}],"predecessor-version":[{"id":46818,"href":"https:\/\/www.egemtv.com\/index.php?rest_route=\/wp\/v2\/posts\/46816\/revisions\/46818"}],"wp:featuredmedia":[{"embeddable":true,"href":"https:\/\/www.egemtv.com\/index.php?rest_route=\/wp\/v2\/media\/46817"}],"wp:attachment":[{"href":"https:\/\/www.egemtv.com\/index.php?rest_route=%2Fwp%2Fv2%2Fmedia&parent=46816"}],"wp:term":[{"taxonomy":"category","embeddable":true,"href":"https:\/\/www.egemtv.com\/index.php?rest_route=%2Fwp%2Fv2%2Fcategories&post=46816"},{"taxonomy":"post_tag","embeddable":true,"href":"https:\/\/www.egemtv.com\/index.php?rest_route=%2Fwp%2Fv2%2Ftags&post=46816"}],"curies":[{"name":"wp","href":"https:\/\/api.w.org\/{rel}","templated":true}]}}