{"id":46810,"date":"2025-08-05T10:34:59","date_gmt":"2025-08-05T07:34:59","guid":{"rendered":"https:\/\/www.egemtv.com\/?p=46810"},"modified":"2025-08-05T10:35:00","modified_gmt":"2025-08-05T07:35:00","slug":"trafik-jandarmasindan-sok-uygulama","status":"publish","type":"post","link":"https:\/\/www.egemtv.com\/?p=46810","title":{"rendered":"Trafik jandarmas\u0131ndan \u2018\u015eok\u2019 uygulama"},"content":{"rendered":"<p>Ayd\u0131n\u2019\u0131n K\u00f6\u015fk il\u00e7esinde \u00d6demi\u015f-Ba\u015f\u00e7ay\u0131r yolunda jandarma ekiplerince \u2018\u015eok\u2019 yol uygulamas\u0131 ger\u00e7ekle\u015ftirildi.<\/p>\n<p>Ayd\u0131n \u0130l Jandarma Komutanl\u0131\u011f\u0131 Trafik Jandarmas\u0131 taraf\u0131ndan trafik kazalar\u0131ndan kaynaklanan \u00f6l\u00fcm, yaralamalar\u0131 en aza indirmek ve kurallara uymayan s\u00fcr\u00fcc\u00fcleri tespit etmek amac\u0131yla K\u00f6\u015fk il\u00e7esi K\u00f6\u015fk-\u00d6demi\u015f-Ba\u015f\u00e7ay\u0131r Mahalle yolunda \u015fok trafik uygulamas\u0131 ger\u00e7ekle\u015ftirildi. Yap\u0131lan uygulamalar kapsam\u0131nda 72 ara\u00e7 ve 96 \u015fah\u0131s kontrol edildi. Ayd\u0131n \u0130l Jandarma Komutanl\u0131\u011f\u0131\u2019ndan yap\u0131lan a\u00e7\u0131klamada \u2019Yol Kullan\u0131c\u0131lar\u0131n\u0131n g\u00fcvenli bir \u015fekilde yolculuk yapmalar\u0131 amac\u0131yla trafik denetimlerimiz devam etmektedir\u2019 ifadeleri yer ald\u0131.<br \/><\/p>\n","protected":false},"excerpt":{"rendered":"<p>Ayd\u0131n\u2019\u0131n K\u00f6\u015fk il\u00e7esinde \u00d6demi\u015f-Ba\u015f\u00e7ay\u0131r yolunda jandarma ekiplerince \u2018\u015eok\u2019 yol uygulamas\u0131 ger\u00e7ekle\u015ftirildi. Ayd\u0131n \u0130l Jandarma Komutanl\u0131\u011f\u0131 Trafik Jandarmas\u0131 taraf\u0131ndan trafik kazalar\u0131ndan kaynaklanan \u00f6l\u00fcm, yaralamalar\u0131 en aza indirmek ve kurallara uymayan s\u00fcr\u00fcc\u00fcleri tespit etmek amac\u0131yla K\u00f6\u015fk il\u00e7esi K\u00f6\u015fk-\u00d6demi\u015f-Ba\u015f\u00e7ay\u0131r Mahalle yolunda \u015fok trafik uygulamas\u0131 ger\u00e7ekle\u015ftirildi. Yap\u0131lan uygulamalar kapsam\u0131nda 72 ara\u00e7 ve 96 \u015fah\u0131s kontrol edildi. Ayd\u0131n \u0130l Jandarma&#8230;<\/p>\n","protected":false},"author":1,"featured_media":46811,"comment_status":"open","ping_status":"open","sticky":false,"template":"","format":"standard","meta":{"_crdt_document":"","footnotes":""},"categories":[5],"tags":[],"class_list":["post-46810","post","type-post","status-publish","format-standard","has-post-thumbnail","hentry","category-asayis"],"_links":{"self":[{"href":"https:\/\/www.egemtv.com\/index.php?rest_route=\/wp\/v2\/posts\/46810","targetHints":{"allow":["GET"]}}],"collection":[{"href":"https:\/\/www.egemtv.com\/index.php?rest_route=\/wp\/v2\/posts"}],"about":[{"href":"https:\/\/www.egemtv.com\/index.php?rest_route=\/wp\/v2\/types\/post"}],"author":[{"embeddable":true,"href":"https:\/\/www.egemtv.com\/index.php?rest_route=\/wp\/v2\/users\/1"}],"replies":[{"embeddable":true,"href":"https:\/\/www.egemtv.com\/index.php?rest_route=%2Fwp%2Fv2%2Fcomments&post=46810"}],"version-history":[{"count":1,"href":"https:\/\/www.egemtv.com\/index.php?rest_route=\/wp\/v2\/posts\/46810\/revisions"}],"predecessor-version":[{"id":46812,"href":"https:\/\/www.egemtv.com\/index.php?rest_route=\/wp\/v2\/posts\/46810\/revisions\/46812"}],"wp:featuredmedia":[{"embeddable":true,"href":"https:\/\/www.egemtv.com\/index.php?rest_route=\/wp\/v2\/media\/46811"}],"wp:attachment":[{"href":"https:\/\/www.egemtv.com\/index.php?rest_route=%2Fwp%2Fv2%2Fmedia&parent=46810"}],"wp:term":[{"taxonomy":"category","embeddable":true,"href":"https:\/\/www.egemtv.com\/index.php?rest_route=%2Fwp%2Fv2%2Fcategories&post=46810"},{"taxonomy":"post_tag","embeddable":true,"href":"https:\/\/www.egemtv.com\/index.php?rest_route=%2Fwp%2Fv2%2Ftags&post=46810"}],"curies":[{"name":"wp","href":"https:\/\/api.w.org\/{rel}","templated":true}]}}