{"id":46807,"date":"2025-08-05T10:15:11","date_gmt":"2025-08-05T07:15:11","guid":{"rendered":"https:\/\/www.egemtv.com\/?p=46807"},"modified":"2025-08-05T10:15:12","modified_gmt":"2025-08-05T07:15:12","slug":"firari-cinayet-zanlisi-izmirde-yakalandi","status":"publish","type":"post","link":"https:\/\/www.egemtv.com\/?p=46807","title":{"rendered":"Firari cinayet zanl\u0131s\u0131 \u0130zmir\u2019de yakaland\u0131"},"content":{"rendered":"<p>\u0130zmir\u2019in \u00c7i\u011fli il\u00e7esinde hakk\u0131nda 18 y\u0131l kesinle\u015fmi\u015f hapis cezas\u0131 bulunan firari cinayet zanl\u0131s\u0131, polis ekiplerince yakalan\u0131p cezaevine g\u00f6nderildi.<br \/>\n<br \/>\u0130l Emniyet M\u00fcd\u00fcrl\u00fc\u011f\u00fcne ba\u011fl\u0131 Asayi\u015f \u015eube M\u00fcd\u00fcrl\u00fc\u011f\u00fc ekiplerince aranan \u015fah\u0131slar\u0131n yakalanmas\u0131na y\u00f6nelik \u00e7al\u0131\u015fmalar h\u0131z kesmeden devam ediyor. Motosikletli Polis Timler Amirli\u011fi ekiplerince \u00c7i\u011fli il\u00e7esinde A.A. (29) isimli \u015fahs\u0131n yap\u0131lan sorgusunda &#8220;Kasten \u00f6ld\u00fcrme ve h\u00fck\u00fcml\u00fcn\u00fcn ka\u00e7mas\u0131&#8221; su\u00e7lar\u0131ndan 18 y\u0131l 2 ay 10 g\u00fcn kesinle\u015fmi\u015f hapis cezas\u0131 arand\u0131\u011f\u0131 tespit edildi. Firari cinayet zanl\u0131s\u0131 A.A. emniyetteki i\u015flemlerinin ard\u0131ndan sevk edildi\u011fi adli mercilerce tutuklanarak cezaevine g\u00f6nderildi.<br \/><\/p>\n","protected":false},"excerpt":{"rendered":"<p>\u0130zmir\u2019in \u00c7i\u011fli il\u00e7esinde hakk\u0131nda 18 y\u0131l kesinle\u015fmi\u015f hapis cezas\u0131 bulunan firari cinayet zanl\u0131s\u0131, polis ekiplerince yakalan\u0131p cezaevine g\u00f6nderildi. \u0130l Emniyet M\u00fcd\u00fcrl\u00fc\u011f\u00fcne ba\u011fl\u0131 Asayi\u015f \u015eube M\u00fcd\u00fcrl\u00fc\u011f\u00fc ekiplerince aranan \u015fah\u0131slar\u0131n yakalanmas\u0131na y\u00f6nelik \u00e7al\u0131\u015fmalar h\u0131z kesmeden devam ediyor. Motosikletli Polis Timler Amirli\u011fi ekiplerince \u00c7i\u011fli il\u00e7esinde A.A. (29) isimli \u015fahs\u0131n yap\u0131lan sorgusunda &#8220;Kasten \u00f6ld\u00fcrme ve h\u00fck\u00fcml\u00fcn\u00fcn ka\u00e7mas\u0131&#8221; su\u00e7lar\u0131ndan 18&#8230;<\/p>\n","protected":false},"author":1,"featured_media":46808,"comment_status":"open","ping_status":"open","sticky":false,"template":"","format":"standard","meta":{"_crdt_document":"","footnotes":""},"categories":[5],"tags":[],"class_list":["post-46807","post","type-post","status-publish","format-standard","has-post-thumbnail","hentry","category-asayis"],"_links":{"self":[{"href":"https:\/\/www.egemtv.com\/index.php?rest_route=\/wp\/v2\/posts\/46807","targetHints":{"allow":["GET"]}}],"collection":[{"href":"https:\/\/www.egemtv.com\/index.php?rest_route=\/wp\/v2\/posts"}],"about":[{"href":"https:\/\/www.egemtv.com\/index.php?rest_route=\/wp\/v2\/types\/post"}],"author":[{"embeddable":true,"href":"https:\/\/www.egemtv.com\/index.php?rest_route=\/wp\/v2\/users\/1"}],"replies":[{"embeddable":true,"href":"https:\/\/www.egemtv.com\/index.php?rest_route=%2Fwp%2Fv2%2Fcomments&post=46807"}],"version-history":[{"count":1,"href":"https:\/\/www.egemtv.com\/index.php?rest_route=\/wp\/v2\/posts\/46807\/revisions"}],"predecessor-version":[{"id":46809,"href":"https:\/\/www.egemtv.com\/index.php?rest_route=\/wp\/v2\/posts\/46807\/revisions\/46809"}],"wp:featuredmedia":[{"embeddable":true,"href":"https:\/\/www.egemtv.com\/index.php?rest_route=\/wp\/v2\/media\/46808"}],"wp:attachment":[{"href":"https:\/\/www.egemtv.com\/index.php?rest_route=%2Fwp%2Fv2%2Fmedia&parent=46807"}],"wp:term":[{"taxonomy":"category","embeddable":true,"href":"https:\/\/www.egemtv.com\/index.php?rest_route=%2Fwp%2Fv2%2Fcategories&post=46807"},{"taxonomy":"post_tag","embeddable":true,"href":"https:\/\/www.egemtv.com\/index.php?rest_route=%2Fwp%2Fv2%2Ftags&post=46807"}],"curies":[{"name":"wp","href":"https:\/\/api.w.org\/{rel}","templated":true}]}}