{"id":46804,"date":"2025-08-05T09:55:30","date_gmt":"2025-08-05T06:55:30","guid":{"rendered":"https:\/\/www.egemtv.com\/?p=46804"},"modified":"2025-08-05T09:55:31","modified_gmt":"2025-08-05T06:55:31","slug":"aydinda-canli-hayvan-nakliyesi-ile-ilgili-egitim-verilecek","status":"publish","type":"post","link":"https:\/\/www.egemtv.com\/?p=46804","title":{"rendered":"Ayd\u0131n\u2019da canl\u0131 hayvan nakliyesi ile ilgili e\u011fitim verilecek"},"content":{"rendered":"<p>Canl\u0131 hayvan ta\u015f\u0131mac\u0131l\u0131\u011f\u0131 yapan s\u00fcr\u00fcc\u00fcler, bak\u0131c\u0131lar ve sat\u0131c\u0131lar\u0131n almas\u0131 gereken belgeler konusunda \u0130l Tar\u0131m ve Orman M\u00fcd\u00fcrl\u00fc\u011f\u00fc koordinasyonunda e\u011fitim toplant\u0131s\u0131 d\u00fczenlenecek.<\/p>\n<p>Ayd\u0131n \u0130l Tar\u0131m ve Orman M\u00fcd\u00fcrl\u00fc\u011f\u00fc, canl\u0131 hayvan ta\u015f\u0131mac\u0131l\u0131\u011f\u0131 alan\u0131nda faaliyet g\u00f6steren vatanda\u015flara y\u00f6nelik bir e\u011fitim toplant\u0131s\u0131 d\u00fczenleyecek. 6 A\u011fustos 2025 \u00c7ar\u015famba g\u00fcn\u00fc saat 14.00\u2019te \u0130l Tar\u0131m M\u00fcd\u00fcrl\u00fc\u011f\u00fc \u0130ncir Toplant\u0131 Salonu\u2019nda ger\u00e7ekle\u015ftirilecek e\u011fitim, hayvan refah\u0131n\u0131 esas alan yasal d\u00fczenlemeler konusuna dikkat \u00e7ekecek. Toplant\u0131da, 24 Aral\u0131k 2011 tarihli ve 28152 say\u0131l\u0131 Resmi Gazete\u2019de yay\u0131mlanan &#8220;Hayvanlar\u0131n Nakilleri S\u0131ras\u0131nda Refah\u0131 ve Korunmas\u0131 Y\u00f6netmeli\u011fi&#8221; kapsam\u0131nda, nakil arac\u0131 s\u00fcr\u00fcc\u00fcleri ve bak\u0131c\u0131lar\u0131n\u0131n almas\u0131 gereken &#8220;S\u00fcr\u00fcc\u00fc\/Bak\u0131c\u0131 Yeterlilik Belgesi&#8221;, nakliyecilere y\u00f6nelik &#8220;Nakliyeci Yetki Belgesi&#8221;, standartlara uygun ara\u00e7lar i\u00e7in &#8220;Nakil Arac\u0131 Onay Belgesi&#8221; konular\u0131nda bilgilendirme yap\u0131lacak. Ayr\u0131ca, 18 Ocak 2012 tarihli ve 28177 say\u0131l\u0131 Resmi Gazete\u2019de yay\u0131mlanan &#8220;Canl\u0131 Hayvan Ticareti Yapan Sat\u0131c\u0131lar\u0131n \u00c7al\u0131\u015fma ve Denetlenmesi ile \u0130lgili Usul ve Esaslar Hakk\u0131nda Y\u00f6netmelik&#8221; kapsam\u0131nda, canl\u0131 hayvan ticareti yapan sat\u0131c\u0131lar\u0131n almas\u0131 gereken \u00e7al\u0131\u015fma izinleri hakk\u0131nda da kat\u0131l\u0131mc\u0131lar bilgilendirilecek. Ayd\u0131n \u0130l Tar\u0131m ve Orman M\u00fcd\u00fcrl\u00fc\u011f\u00fc, hayvanc\u0131l\u0131kla u\u011fra\u015fan t\u00fcm \u00fcreticileri toplant\u0131ya davet ederken yapt\u0131\u011f\u0131 a\u00e7\u0131klamada &#8220;Bahse konu belgeler i\u00e7in 6 A\u011fustos 2025 tarihinde saat 14.00\u2019de Ayd\u0131n \u0130l Tar\u0131m M\u00fcd\u00fcrl\u00fc\u011f\u00fcm\u00fcz \u0130ncir Toplant\u0131 Salonu\u2019nda e\u011fitim d\u00fczenlenecektir. \u0130lgili \u00fcreticilerimize duyurulur&#8221; ifadeleri yer ald\u0131.<br \/><\/p>\n","protected":false},"excerpt":{"rendered":"<p>Canl\u0131 hayvan ta\u015f\u0131mac\u0131l\u0131\u011f\u0131 yapan s\u00fcr\u00fcc\u00fcler, bak\u0131c\u0131lar ve sat\u0131c\u0131lar\u0131n almas\u0131 gereken belgeler konusunda \u0130l Tar\u0131m ve Orman M\u00fcd\u00fcrl\u00fc\u011f\u00fc koordinasyonunda e\u011fitim toplant\u0131s\u0131 d\u00fczenlenecek. Ayd\u0131n \u0130l Tar\u0131m ve Orman M\u00fcd\u00fcrl\u00fc\u011f\u00fc, canl\u0131 hayvan ta\u015f\u0131mac\u0131l\u0131\u011f\u0131 alan\u0131nda faaliyet g\u00f6steren vatanda\u015flara y\u00f6nelik bir e\u011fitim toplant\u0131s\u0131 d\u00fczenleyecek. 6 A\u011fustos 2025 \u00c7ar\u015famba g\u00fcn\u00fc saat 14.00\u2019te \u0130l Tar\u0131m M\u00fcd\u00fcrl\u00fc\u011f\u00fc \u0130ncir Toplant\u0131 Salonu\u2019nda ger\u00e7ekle\u015ftirilecek e\u011fitim, hayvan&#8230;<\/p>\n","protected":false},"author":1,"featured_media":46805,"comment_status":"open","ping_status":"open","sticky":false,"template":"","format":"standard","meta":{"_crdt_document":"","footnotes":""},"categories":[1],"tags":[],"class_list":["post-46804","post","type-post","status-publish","format-standard","has-post-thumbnail","hentry","category-guncel"],"_links":{"self":[{"href":"https:\/\/www.egemtv.com\/index.php?rest_route=\/wp\/v2\/posts\/46804","targetHints":{"allow":["GET"]}}],"collection":[{"href":"https:\/\/www.egemtv.com\/index.php?rest_route=\/wp\/v2\/posts"}],"about":[{"href":"https:\/\/www.egemtv.com\/index.php?rest_route=\/wp\/v2\/types\/post"}],"author":[{"embeddable":true,"href":"https:\/\/www.egemtv.com\/index.php?rest_route=\/wp\/v2\/users\/1"}],"replies":[{"embeddable":true,"href":"https:\/\/www.egemtv.com\/index.php?rest_route=%2Fwp%2Fv2%2Fcomments&post=46804"}],"version-history":[{"count":1,"href":"https:\/\/www.egemtv.com\/index.php?rest_route=\/wp\/v2\/posts\/46804\/revisions"}],"predecessor-version":[{"id":46806,"href":"https:\/\/www.egemtv.com\/index.php?rest_route=\/wp\/v2\/posts\/46804\/revisions\/46806"}],"wp:featuredmedia":[{"embeddable":true,"href":"https:\/\/www.egemtv.com\/index.php?rest_route=\/wp\/v2\/media\/46805"}],"wp:attachment":[{"href":"https:\/\/www.egemtv.com\/index.php?rest_route=%2Fwp%2Fv2%2Fmedia&parent=46804"}],"wp:term":[{"taxonomy":"category","embeddable":true,"href":"https:\/\/www.egemtv.com\/index.php?rest_route=%2Fwp%2Fv2%2Fcategories&post=46804"},{"taxonomy":"post_tag","embeddable":true,"href":"https:\/\/www.egemtv.com\/index.php?rest_route=%2Fwp%2Fv2%2Ftags&post=46804"}],"curies":[{"name":"wp","href":"https:\/\/api.w.org\/{rel}","templated":true}]}}