{"id":46801,"date":"2025-08-05T09:55:29","date_gmt":"2025-08-05T06:55:29","guid":{"rendered":"https:\/\/www.egemtv.com\/?p=46801"},"modified":"2025-08-05T09:55:30","modified_gmt":"2025-08-05T06:55:30","slug":"kaymakam-ates-yaz-kursuna-katilan-ogrenciler-ile-bir-araya-geldi","status":"publish","type":"post","link":"https:\/\/www.egemtv.com\/?p=46801","title":{"rendered":"Kaymakam Ate\u015f yaz kursuna kat\u0131lan \u00f6\u011frenciler ile bir araya geldi"},"content":{"rendered":"<p>Ayd\u0131n\u2019\u0131n Sultanhisar il\u00e7esinde Kaymakam Ali Ekber Ate\u015f, yaz tatilinde Destekleme ve Yeti\u015ftirme Kursu\u2019na kat\u0131larak e\u011fitimlerine devam eden \u00f6\u011frencileri ziyaret etti. \u00d6\u011frencilerle sohbet eden Kaymakam Ate\u015f, azimlerinden dolay\u0131 onlar\u0131 tebrik etti.<\/p>\n<p>Sultanhisar Kaymakam\u0131 Ali Ekber Ate\u015f, \u0130l\u00e7e Milli E\u011fitim M\u00fcd\u00fcr\u00fc Erdin\u00e7 G\u00fcner ile birlikte At\u00e7a \u015eehit Mutlu U\u00e7ar Anadolu Lisesi\u2019nde d\u00fczenlenen Destekleme ve Yeti\u015ftirme Kursu\u2019na kat\u0131lan \u00f6\u011frencileri ziyaret etti. Ders aralar\u0131nda \u00f6\u011frencilerle bir araya gelen Kaymakam Ate\u015f, yaz tatilini verimli de\u011ferlendiren \u00f6\u011frencilerle sohbet ederek ba\u015far\u0131 dileklerini iletti. Ziyarette \u00f6\u011frencilere tavsiyelerde bulunan Kaymakam Ate\u015f, e\u011fitim hayat\u0131n\u0131n sadece okul d\u00f6nemleriyle s\u0131n\u0131rl\u0131 olmad\u0131\u011f\u0131n\u0131 belirterek, &#8220;Sizlerin yaz d\u00f6neminde g\u00f6sterdi\u011fi bu \u00e7aba ve istek bizleri mutlu etti. Bu azminizi s\u00fcrd\u00fcrd\u00fc\u011f\u00fcn\u00fcz takdirde ba\u015far\u0131 da beraberinde gelecektir&#8221; dedi.<br \/><\/p>\n","protected":false},"excerpt":{"rendered":"<p>Ayd\u0131n\u2019\u0131n Sultanhisar il\u00e7esinde Kaymakam Ali Ekber Ate\u015f, yaz tatilinde Destekleme ve Yeti\u015ftirme Kursu\u2019na kat\u0131larak e\u011fitimlerine devam eden \u00f6\u011frencileri ziyaret etti. \u00d6\u011frencilerle sohbet eden Kaymakam Ate\u015f, azimlerinden dolay\u0131 onlar\u0131 tebrik etti. Sultanhisar Kaymakam\u0131 Ali Ekber Ate\u015f, \u0130l\u00e7e Milli E\u011fitim M\u00fcd\u00fcr\u00fc Erdin\u00e7 G\u00fcner ile birlikte At\u00e7a \u015eehit Mutlu U\u00e7ar Anadolu Lisesi\u2019nde d\u00fczenlenen Destekleme ve Yeti\u015ftirme Kursu\u2019na kat\u0131lan&#8230;<\/p>\n","protected":false},"author":1,"featured_media":46802,"comment_status":"open","ping_status":"open","sticky":false,"template":"","format":"standard","meta":{"_crdt_document":"","footnotes":""},"categories":[1],"tags":[],"class_list":["post-46801","post","type-post","status-publish","format-standard","has-post-thumbnail","hentry","category-guncel"],"_links":{"self":[{"href":"https:\/\/www.egemtv.com\/index.php?rest_route=\/wp\/v2\/posts\/46801","targetHints":{"allow":["GET"]}}],"collection":[{"href":"https:\/\/www.egemtv.com\/index.php?rest_route=\/wp\/v2\/posts"}],"about":[{"href":"https:\/\/www.egemtv.com\/index.php?rest_route=\/wp\/v2\/types\/post"}],"author":[{"embeddable":true,"href":"https:\/\/www.egemtv.com\/index.php?rest_route=\/wp\/v2\/users\/1"}],"replies":[{"embeddable":true,"href":"https:\/\/www.egemtv.com\/index.php?rest_route=%2Fwp%2Fv2%2Fcomments&post=46801"}],"version-history":[{"count":1,"href":"https:\/\/www.egemtv.com\/index.php?rest_route=\/wp\/v2\/posts\/46801\/revisions"}],"predecessor-version":[{"id":46803,"href":"https:\/\/www.egemtv.com\/index.php?rest_route=\/wp\/v2\/posts\/46801\/revisions\/46803"}],"wp:featuredmedia":[{"embeddable":true,"href":"https:\/\/www.egemtv.com\/index.php?rest_route=\/wp\/v2\/media\/46802"}],"wp:attachment":[{"href":"https:\/\/www.egemtv.com\/index.php?rest_route=%2Fwp%2Fv2%2Fmedia&parent=46801"}],"wp:term":[{"taxonomy":"category","embeddable":true,"href":"https:\/\/www.egemtv.com\/index.php?rest_route=%2Fwp%2Fv2%2Fcategories&post=46801"},{"taxonomy":"post_tag","embeddable":true,"href":"https:\/\/www.egemtv.com\/index.php?rest_route=%2Fwp%2Fv2%2Ftags&post=46801"}],"curies":[{"name":"wp","href":"https:\/\/api.w.org\/{rel}","templated":true}]}}