{"id":46795,"date":"2025-08-05T09:34:53","date_gmt":"2025-08-05T06:34:53","guid":{"rendered":"https:\/\/www.egemtv.com\/?p=46795"},"modified":"2025-08-05T09:34:54","modified_gmt":"2025-08-05T06:34:54","slug":"didimde-47-yavru-caretta-caretta-denize-ulasti","status":"publish","type":"post","link":"https:\/\/www.egemtv.com\/?p=46795","title":{"rendered":"Didim\u2019de 47 yavru caretta caretta denize ula\u015ft\u0131"},"content":{"rendered":"<p>Didim Belediyesi, Do\u011fa Koruma Milli Parklar M\u00fcd\u00fcrl\u00fc\u011f\u00fc\/DKMP ve EKODOSD i\u015fbirli\u011fiyle yumurtalar\u0131 koruma alt\u0131na al\u0131nan caretta caretta cinsi deniz kaplumba\u011falar\u0131n\u0131n yavrular\u0131 denizle bulu\u015ftu.<\/p>\n<p>Ayd\u0131n\u2019\u0131n Didim il\u00e7esinde &#8220;iriba\u015f&#8221; cinsi deniz kaplumba\u011falar\u0131, son d\u00f6nemde yuvalama i\u00e7in Didim\u2019i tercih ederken bu sene il\u00e7ede bilinen tek yer 3.Koy Halk Plaj\u0131 oldu. Caretta caretta cinsi deniz kaplumba\u011fas\u0131 3. Koy Halk Plaj\u0131na yuvalar\u0131n\u0131 b\u0131rakan, s\u00fcrpriz ise Ta\u015fburun mevkiinden geldi.<\/p>\n<p>Ta\u015fburun mevkiine yumurta b\u0131rakan caretta caretta cinsi deniz kaplumba\u011fas\u0131n\u0131n yumurtalar\u0131n\u0131 sahile gelen vatanda\u015flar tespit etti. Sahildeki vatanda\u015flar yavrular\u0131 g\u00f6r\u00fcnce durumu, Didim Belediyesi\u2019ne bildirdi. Didim Belediyesi Veteriner \u0130\u015fleri M\u00fcd\u00fcrl\u00fc\u011f\u00fc ekipleri b\u00f6lgeye hareket ederek, yumurtadan \u00e7\u0131kan yavrular\u0131 denize ula\u015fmas\u0131n\u0131 sa\u011flad\u0131. Belediye ekiplerinin duyarl\u0131l\u0131\u011f\u0131 sayesinde 47 yavru kaplumba\u011fa denize ula\u015f\u0131rken o anlar ise kaydedildi.<\/p>\n<p>\u00d6te yandan ise koruma alt\u0131na al\u0131nan 3.Koy Halk Plaj\u0131\u2019ndaki caretta caretta cinsi deniz kaplumba\u011fas\u0131 yuvas\u0131nda \u00f6n\u00fcm\u00fczdeki g\u00fcnlerde Didim Belediyesi, Do\u011fa Koruma Milli Parklar M\u00fcd\u00fcrl\u00fc\u011f\u00fc\/DKMP ve EKODOSD ekipleriyle inceleme yap\u0131laca\u011f\u0131 \u00f6\u011frenildi.<br \/><\/p>\n","protected":false},"excerpt":{"rendered":"<p>Didim Belediyesi, Do\u011fa Koruma Milli Parklar M\u00fcd\u00fcrl\u00fc\u011f\u00fc\/DKMP ve EKODOSD i\u015fbirli\u011fiyle yumurtalar\u0131 koruma alt\u0131na al\u0131nan caretta caretta cinsi deniz kaplumba\u011falar\u0131n\u0131n yavrular\u0131 denizle bulu\u015ftu. Ayd\u0131n\u2019\u0131n Didim il\u00e7esinde &#8220;iriba\u015f&#8221; cinsi deniz kaplumba\u011falar\u0131, son d\u00f6nemde yuvalama i\u00e7in Didim\u2019i tercih ederken bu sene il\u00e7ede bilinen tek yer 3.Koy Halk Plaj\u0131 oldu. Caretta caretta cinsi deniz kaplumba\u011fas\u0131 3. Koy Halk Plaj\u0131na&#8230;<\/p>\n","protected":false},"author":1,"featured_media":46796,"comment_status":"open","ping_status":"open","sticky":false,"template":"","format":"standard","meta":{"_crdt_document":"","footnotes":""},"categories":[1],"tags":[],"class_list":["post-46795","post","type-post","status-publish","format-standard","has-post-thumbnail","hentry","category-guncel"],"_links":{"self":[{"href":"https:\/\/www.egemtv.com\/index.php?rest_route=\/wp\/v2\/posts\/46795","targetHints":{"allow":["GET"]}}],"collection":[{"href":"https:\/\/www.egemtv.com\/index.php?rest_route=\/wp\/v2\/posts"}],"about":[{"href":"https:\/\/www.egemtv.com\/index.php?rest_route=\/wp\/v2\/types\/post"}],"author":[{"embeddable":true,"href":"https:\/\/www.egemtv.com\/index.php?rest_route=\/wp\/v2\/users\/1"}],"replies":[{"embeddable":true,"href":"https:\/\/www.egemtv.com\/index.php?rest_route=%2Fwp%2Fv2%2Fcomments&post=46795"}],"version-history":[{"count":1,"href":"https:\/\/www.egemtv.com\/index.php?rest_route=\/wp\/v2\/posts\/46795\/revisions"}],"predecessor-version":[{"id":46797,"href":"https:\/\/www.egemtv.com\/index.php?rest_route=\/wp\/v2\/posts\/46795\/revisions\/46797"}],"wp:featuredmedia":[{"embeddable":true,"href":"https:\/\/www.egemtv.com\/index.php?rest_route=\/wp\/v2\/media\/46796"}],"wp:attachment":[{"href":"https:\/\/www.egemtv.com\/index.php?rest_route=%2Fwp%2Fv2%2Fmedia&parent=46795"}],"wp:term":[{"taxonomy":"category","embeddable":true,"href":"https:\/\/www.egemtv.com\/index.php?rest_route=%2Fwp%2Fv2%2Fcategories&post=46795"},{"taxonomy":"post_tag","embeddable":true,"href":"https:\/\/www.egemtv.com\/index.php?rest_route=%2Fwp%2Fv2%2Ftags&post=46795"}],"curies":[{"name":"wp","href":"https:\/\/api.w.org\/{rel}","templated":true}]}}