{"id":46792,"date":"2025-08-05T09:14:52","date_gmt":"2025-08-05T06:14:52","guid":{"rendered":"https:\/\/www.egemtv.com\/?p=46792"},"modified":"2025-08-05T09:14:53","modified_gmt":"2025-08-05T06:14:53","slug":"bozdoganda-muhtar-tutuklandi","status":"publish","type":"post","link":"https:\/\/www.egemtv.com\/?p=46792","title":{"rendered":"Bozdo\u011fan\u2019da muhtar tutukland\u0131"},"content":{"rendered":"<p>Ayd\u0131n\u2019\u0131n Bozdo\u011fan il\u00e7esinde, &#8220;kasten yaralama&#8221; su\u00e7undan 4 y\u0131l 2 ay hapis cezas\u0131 alan G\u00fcney Mahallesi Muhtar\u0131 Baki G\u00fcney\u2019in tutukland\u0131\u011f\u0131 \u00f6\u011frenildi.<br \/>\n<br \/>2022 y\u0131l\u0131nda kar\u0131\u015ft\u0131\u011f\u0131 bir olay nedeniyle hakk\u0131nda s\u00fcren yarg\u0131lama sonucunda 4 y\u0131l 2 ay hapis cezas\u0131 alan ve bu karar\u0131 istinaf mahkemesi taraf\u0131ndan da onaylanan Muhtar G\u00fcney, \u0130l\u00e7e Jandarma Komutanl\u0131\u011f\u0131 ekiplerince g\u00f6zalt\u0131na al\u0131nd\u0131. G\u00f6zalt\u0131 i\u015flemlerinin ard\u0131ndan adliyeye sevk edilen G\u00fcney, \u00e7\u0131kar\u0131ld\u0131\u011f\u0131 mahkemece tutuklanarak cezaevine g\u00f6nderildi.<br \/><\/p>\n","protected":false},"excerpt":{"rendered":"<p>Ayd\u0131n\u2019\u0131n Bozdo\u011fan il\u00e7esinde, &#8220;kasten yaralama&#8221; su\u00e7undan 4 y\u0131l 2 ay hapis cezas\u0131 alan G\u00fcney Mahallesi Muhtar\u0131 Baki G\u00fcney\u2019in tutukland\u0131\u011f\u0131 \u00f6\u011frenildi. 2022 y\u0131l\u0131nda kar\u0131\u015ft\u0131\u011f\u0131 bir olay nedeniyle hakk\u0131nda s\u00fcren yarg\u0131lama sonucunda 4 y\u0131l 2 ay hapis cezas\u0131 alan ve bu karar\u0131 istinaf mahkemesi taraf\u0131ndan da onaylanan Muhtar G\u00fcney, \u0130l\u00e7e Jandarma Komutanl\u0131\u011f\u0131 ekiplerince g\u00f6zalt\u0131na al\u0131nd\u0131. G\u00f6zalt\u0131 i\u015flemlerinin&#8230;<\/p>\n","protected":false},"author":1,"featured_media":46793,"comment_status":"open","ping_status":"open","sticky":false,"template":"","format":"standard","meta":{"_crdt_document":"","footnotes":""},"categories":[5],"tags":[],"class_list":["post-46792","post","type-post","status-publish","format-standard","has-post-thumbnail","hentry","category-asayis"],"_links":{"self":[{"href":"https:\/\/www.egemtv.com\/index.php?rest_route=\/wp\/v2\/posts\/46792","targetHints":{"allow":["GET"]}}],"collection":[{"href":"https:\/\/www.egemtv.com\/index.php?rest_route=\/wp\/v2\/posts"}],"about":[{"href":"https:\/\/www.egemtv.com\/index.php?rest_route=\/wp\/v2\/types\/post"}],"author":[{"embeddable":true,"href":"https:\/\/www.egemtv.com\/index.php?rest_route=\/wp\/v2\/users\/1"}],"replies":[{"embeddable":true,"href":"https:\/\/www.egemtv.com\/index.php?rest_route=%2Fwp%2Fv2%2Fcomments&post=46792"}],"version-history":[{"count":1,"href":"https:\/\/www.egemtv.com\/index.php?rest_route=\/wp\/v2\/posts\/46792\/revisions"}],"predecessor-version":[{"id":46794,"href":"https:\/\/www.egemtv.com\/index.php?rest_route=\/wp\/v2\/posts\/46792\/revisions\/46794"}],"wp:featuredmedia":[{"embeddable":true,"href":"https:\/\/www.egemtv.com\/index.php?rest_route=\/wp\/v2\/media\/46793"}],"wp:attachment":[{"href":"https:\/\/www.egemtv.com\/index.php?rest_route=%2Fwp%2Fv2%2Fmedia&parent=46792"}],"wp:term":[{"taxonomy":"category","embeddable":true,"href":"https:\/\/www.egemtv.com\/index.php?rest_route=%2Fwp%2Fv2%2Fcategories&post=46792"},{"taxonomy":"post_tag","embeddable":true,"href":"https:\/\/www.egemtv.com\/index.php?rest_route=%2Fwp%2Fv2%2Ftags&post=46792"}],"curies":[{"name":"wp","href":"https:\/\/api.w.org\/{rel}","templated":true}]}}