{"id":46789,"date":"2025-08-05T09:14:51","date_gmt":"2025-08-05T06:14:51","guid":{"rendered":"https:\/\/www.egemtv.com\/?p=46789"},"modified":"2025-08-05T09:14:52","modified_gmt":"2025-08-05T06:14:52","slug":"muglaspor-icin-ayni-masada-bulustular","status":"publish","type":"post","link":"https:\/\/www.egemtv.com\/?p=46789","title":{"rendered":"Mu\u011flaspor i\u00e7in ayn\u0131 masada bulu\u015ftular"},"content":{"rendered":"<p>Mu\u011flaspor\u2019a destek amac\u0131yla d\u00fczenlenen bulu\u015fmada kentin siyasi, b\u00fcrokratik ve sivil toplum temsilcileri ayn\u0131 \u00e7at\u0131 alt\u0131nda bir araya geldi.<\/p>\n<p>Mu\u011fla B\u00fcy\u00fck\u015fehir Belediye Ba\u015fkan\u0131 Ahmet Aras, Mente\u015fe Kaymakam\u0131 Mehmet Eri\u015f, Mu\u011flaspor y\u00f6netimi, siyasi parti temsilcileri, oda ba\u015fkanlar\u0131 ve \u00e7e\u015fitli STK\u2019lar, kul\u00fcbe destek mesajlar\u0131 verdi.<\/p>\n<p>K\u0131yan\u00e7: &#8220;Hi\u00e7bir siyasi partiye milim dahi yak\u0131n de\u011filiz&#8221;<br \/>\n<br \/>Toplant\u0131da konu\u015fan Mu\u011flaspor Kul\u00fcp Ba\u015fkan\u0131 Menaf K\u0131yan\u00e7, &#8220;Bu destek bizler i\u00e7in \u00e7ok \u00f6nemli. Bize m\u00fcthi\u015f moral oldu. Gerek kal\u0131c\u0131 gelirler gerek stadyum tamamlamas\u0131 ile ilgili 10 y\u0131ll\u0131k verilen tesis var. Say\u0131n B\u00fcy\u00fck\u015fehir Belediye Ba\u015fkan\u0131m\u0131z\u0131n bu do\u011frultuda alm\u0131\u015f oldu\u011fu karar inan\u0131lmaz \u00f6nemli.Bize gelen ele\u015ftirilere kula\u011f\u0131m\u0131z\u0131 t\u0131k\u0131yoruz. Mu\u011flaspor y\u00f6netimi, Mu\u011flaspor ba\u015fkan\u0131 hi\u00e7bir siyasi partiye bir milim dahi yak\u0131n de\u011fildir. Hepsine e\u015fit mesafededir. Partilerin g\u00f6revi \u015fehre hizmet etmektir. Mu\u011flaspor\u2019a katk\u0131 i\u00e7in herkesle i\u015f birli\u011fi yapaca\u011f\u0131z. Hi\u00e7 kimseyi d\u0131\u015farda tutmayaca\u011f\u0131z&#8221; dedi.<\/p>\n<p>Aras: &#8220;Mu\u011flaspor hi\u00e7bir siyasi ikbalin arac\u0131 de\u011fildir&#8221;<br \/>\n<br \/>Mu\u011fla B\u00fcy\u00fck\u015fehir Belediye Ba\u015fkan\u0131 Ahmet Aras ise yapt\u0131\u011f\u0131 konu\u015fmada \u015funlar\u0131 s\u00f6yledi: &#8220;Bug\u00fcn biz Mu\u011flaspor \u00e7at\u0131s\u0131 alt\u0131nda bir araya geldik. Bizi bir araya getiren 60 y\u0131ll\u0131k Mu\u011flaspor k\u00fclt\u00fcr\u00fcd\u00fcr. Mu\u011fla\u2019n\u0131n en \u00f6nemli de\u011ferlerinden bir tanesidir. Mu\u011flaspor her t\u00fcrl\u00fc \u015fahsi, siyasi ikbalin \u00fczerindedir. Bug\u00fcn farkl\u0131 kesimleri bir araya getiren yine Mu\u011flaspor\u2019un anlay\u0131\u015f\u0131d\u0131r. Menaf ba\u015fkan ve y\u00f6netimine te\u015fekk\u00fcr ederim. Mu\u011fla\u2019m\u0131zda bir\u00e7ok amat\u00f6r ve profesyonel kul\u00fcp var. Biz yerel y\u00f6netim olarak hepsine destek oluyoruz. Bizim hedefimiz sadece A tak\u0131m ba\u015far\u0131s\u0131 de\u011fil. Hedefimiz kurumsal yap\u0131 olu\u015fturmak. Mu\u011flaspor\u2019un hi\u00e7bir kimseye muhta\u00e7 olmamas\u0131, binlerce \u00e7ocu\u011fa yuva olmas\u0131 bizim niyetimiz&#8221;<br \/><\/p>\n","protected":false},"excerpt":{"rendered":"<p>Mu\u011flaspor\u2019a destek amac\u0131yla d\u00fczenlenen bulu\u015fmada kentin siyasi, b\u00fcrokratik ve sivil toplum temsilcileri ayn\u0131 \u00e7at\u0131 alt\u0131nda bir araya geldi. Mu\u011fla B\u00fcy\u00fck\u015fehir Belediye Ba\u015fkan\u0131 Ahmet Aras, Mente\u015fe Kaymakam\u0131 Mehmet Eri\u015f, Mu\u011flaspor y\u00f6netimi, siyasi parti temsilcileri, oda ba\u015fkanlar\u0131 ve \u00e7e\u015fitli STK\u2019lar, kul\u00fcbe destek mesajlar\u0131 verdi. K\u0131yan\u00e7: &#8220;Hi\u00e7bir siyasi partiye milim dahi yak\u0131n de\u011filiz&#8221; Toplant\u0131da konu\u015fan Mu\u011flaspor Kul\u00fcp Ba\u015fkan\u0131&#8230;<\/p>\n","protected":false},"author":1,"featured_media":46790,"comment_status":"open","ping_status":"open","sticky":false,"template":"","format":"standard","meta":{"_crdt_document":"","footnotes":""},"categories":[4],"tags":[],"class_list":["post-46789","post","type-post","status-publish","format-standard","has-post-thumbnail","hentry","category-spor"],"_links":{"self":[{"href":"https:\/\/www.egemtv.com\/index.php?rest_route=\/wp\/v2\/posts\/46789","targetHints":{"allow":["GET"]}}],"collection":[{"href":"https:\/\/www.egemtv.com\/index.php?rest_route=\/wp\/v2\/posts"}],"about":[{"href":"https:\/\/www.egemtv.com\/index.php?rest_route=\/wp\/v2\/types\/post"}],"author":[{"embeddable":true,"href":"https:\/\/www.egemtv.com\/index.php?rest_route=\/wp\/v2\/users\/1"}],"replies":[{"embeddable":true,"href":"https:\/\/www.egemtv.com\/index.php?rest_route=%2Fwp%2Fv2%2Fcomments&post=46789"}],"version-history":[{"count":1,"href":"https:\/\/www.egemtv.com\/index.php?rest_route=\/wp\/v2\/posts\/46789\/revisions"}],"predecessor-version":[{"id":46791,"href":"https:\/\/www.egemtv.com\/index.php?rest_route=\/wp\/v2\/posts\/46789\/revisions\/46791"}],"wp:featuredmedia":[{"embeddable":true,"href":"https:\/\/www.egemtv.com\/index.php?rest_route=\/wp\/v2\/media\/46790"}],"wp:attachment":[{"href":"https:\/\/www.egemtv.com\/index.php?rest_route=%2Fwp%2Fv2%2Fmedia&parent=46789"}],"wp:term":[{"taxonomy":"category","embeddable":true,"href":"https:\/\/www.egemtv.com\/index.php?rest_route=%2Fwp%2Fv2%2Fcategories&post=46789"},{"taxonomy":"post_tag","embeddable":true,"href":"https:\/\/www.egemtv.com\/index.php?rest_route=%2Fwp%2Fv2%2Ftags&post=46789"}],"curies":[{"name":"wp","href":"https:\/\/api.w.org\/{rel}","templated":true}]}}