{"id":46786,"date":"2025-08-05T09:14:51","date_gmt":"2025-08-05T06:14:51","guid":{"rendered":"https:\/\/www.egemtv.com\/?p=46786"},"modified":"2025-08-05T09:14:51","modified_gmt":"2025-08-05T06:14:51","slug":"baskan-kunkcu-germencikte-gonulleri-kazandi","status":"publish","type":"post","link":"https:\/\/www.egemtv.com\/?p=46786","title":{"rendered":"Ba\u015fkan K\u00fcnkc\u00fc, Germencik\u2019te g\u00f6n\u00fclleri kazand\u0131"},"content":{"rendered":"<p>Ayd\u0131n Esnaf ve Sanatkarlar Odalar\u0131 Birli\u011fi (AYESOB) Ba\u015fkan\u0131 Muhammet Ali K\u00fcnkc\u00fc, esnaf odalar\u0131na y\u00f6nelik saha ziyaretlerine t\u00fcm h\u0131z\u0131yla devam ediyor. Ba\u015fkan K\u00fcnkc\u00fc\u2019n\u00fcn son dura\u011f\u0131 Germencik oldu. G\u00fcn boyu s\u00fcren programda oda ba\u015fkanlar\u0131ndan \u00e7ar\u015f\u0131 esnaf\u0131na, kooperatif y\u00f6neticilerinden belediye ba\u015fkan\u0131na kadar \u00e7ok say\u0131da isimle g\u00f6r\u00fc\u015fen Ba\u015fkan K\u00fcnkc\u00fc, il\u00e7ede adeta g\u00f6n\u00fclleri fethetti.<\/p>\n<p>Gitti\u011fi her yerde s\u0131cak ilgi ve samimiyetle kar\u015f\u0131lanan Ba\u015fkan K\u00fcnkc\u00fc, esnaf\u0131n i\u00e7ten tevecc\u00fch\u00fcyle moral buldu. Sahada olman\u0131n, do\u011frudan ileti\u015fim kurman\u0131n \u00f6nemine de\u011finen K\u00fcnkc\u00fc, &#8220;Biz bu b\u00fcy\u00fck esnaf ailesinin bir par\u00e7as\u0131y\u0131z. Her zaman yan\u0131n\u0131zda olmaya devam edece\u011fiz&#8221; mesaj\u0131 verdi. Ziyaret program\u0131 kapsam\u0131nda ilk olarak Germencik Esnaf ve Sanatkarlar Odas\u0131 Ba\u015fkan\u0131 Bilgin Balat\u2019\u0131 makam\u0131nda ziyaret eden Ba\u015fkan K\u00fcnkc\u00fc, ard\u0131ndan Balat ve y\u00f6netim kurulu \u00fcyeleriyle birlikte \u00e7ar\u015f\u0131 esnaf\u0131n\u0131 gezdi. AYESOB Genel Sekreteri Banu Ta\u015f\u00e7\u0131\u2019n\u0131n da e\u015flik etti\u011fi ziyaretlerde tek tek d\u00fckk\u00e2nlara girerek esnafa hay\u0131rl\u0131 i\u015fler dileyen K\u00fcnkc\u00fc, talep ve sorunlar\u0131 birinci a\u011f\u0131zdan dinleyerek not ald\u0131.<\/p>\n<p>Germencik\u2019teki temaslar\u0131na h\u0131z kesmeden devam eden Ba\u015fkan K\u00fcnkc\u00fc, s\u0131ras\u0131yla Germencik \u015eof\u00f6rler ve Otomobilciler Odas\u0131 Ba\u015fkan\u0131 Hayrettin T\u00fcremen,  Ortaklar Esnaf ve Sanatkarlar Odas\u0131 Ba\u015fkan\u0131 Birol \u015eim\u015fek, Ortaklar \u015eof\u00f6rler ve Otomobilciler Odas\u0131 Ba\u015fkan\u0131 E\u015fref Adal\u0131, Ortaklar Esnaf ve Sanatkarlar Kredi ve Kefalet Kooperatifi Ba\u015fkan\u0131 Veli M\u0131n\u0131k ve Germencik Esnaf ve Sanatkarlar Kredi ve Kefalet Kooperatifi Ba\u015fkan\u0131 Hasan \u00d6zsoy ile bir araya geldi. Bu g\u00f6r\u00fc\u015fmelerde esnaf\u0131n finansmana eri\u015fimi, sekt\u00f6rel sorunlar ve ortak projeler masaya yat\u0131r\u0131ld\u0131.<\/p>\n<p>Program\u0131n son dura\u011f\u0131 ise Germencik Belediye Ba\u015fkan\u0131 Burak Zencirci oldu. Zencirci ile yap\u0131lan g\u00f6r\u00fc\u015fmede, belediye ile esnaf te\u015fkilatlar\u0131 aras\u0131ndaki i\u015f birli\u011finin art\u0131r\u0131lmas\u0131, ortak sosyal projeler geli\u015ftirilmesi ve yerel ekonominin g\u00fc\u00e7lendirilmesi gibi konular ele al\u0131nd\u0131. Zencirci, &#8220;Esnaf\u0131n oldu\u011fu yerde hayat var. Her zaman deste\u011fe haz\u0131r\u0131z&#8221; dedi.<\/p>\n<p>Ziyaret sonras\u0131 a\u00e7\u0131klamada bulunan Ba\u015fkan K\u00fcnkc\u00fc, &#8220;Bizim g\u00f6revimiz sadece masa ba\u015f\u0131nda karar almak de\u011fil, esnaf\u0131m\u0131z\u0131n derdini yerinde dinlemek ve \u00e7\u00f6z\u00fcm \u00fcretmektir. Germencik\u2019te g\u00f6rd\u00fc\u011f\u00fcm\u00fcz ilgi ve samimiyet bizlere g\u00fc\u00e7 verdi. T\u00fcm oda ba\u015fkanlar\u0131m\u0131za ve k\u0131ymetli esnaflar\u0131m\u0131za g\u00f6n\u00fclden te\u015fekk\u00fcr ediyorum,&#8221; ifadelerini kulland\u0131.<br \/><\/p>\n","protected":false},"excerpt":{"rendered":"<p>Ayd\u0131n Esnaf ve Sanatkarlar Odalar\u0131 Birli\u011fi (AYESOB) Ba\u015fkan\u0131 Muhammet Ali K\u00fcnkc\u00fc, esnaf odalar\u0131na y\u00f6nelik saha ziyaretlerine t\u00fcm h\u0131z\u0131yla devam ediyor. Ba\u015fkan K\u00fcnkc\u00fc\u2019n\u00fcn son dura\u011f\u0131 Germencik oldu. G\u00fcn boyu s\u00fcren programda oda ba\u015fkanlar\u0131ndan \u00e7ar\u015f\u0131 esnaf\u0131na, kooperatif y\u00f6neticilerinden belediye ba\u015fkan\u0131na kadar \u00e7ok say\u0131da isimle g\u00f6r\u00fc\u015fen Ba\u015fkan K\u00fcnkc\u00fc, il\u00e7ede adeta g\u00f6n\u00fclleri fethetti. Gitti\u011fi her yerde s\u0131cak ilgi ve&#8230;<\/p>\n","protected":false},"author":1,"featured_media":46787,"comment_status":"open","ping_status":"open","sticky":false,"template":"","format":"standard","meta":{"_crdt_document":"","footnotes":""},"categories":[1],"tags":[],"class_list":["post-46786","post","type-post","status-publish","format-standard","has-post-thumbnail","hentry","category-guncel"],"_links":{"self":[{"href":"https:\/\/www.egemtv.com\/index.php?rest_route=\/wp\/v2\/posts\/46786","targetHints":{"allow":["GET"]}}],"collection":[{"href":"https:\/\/www.egemtv.com\/index.php?rest_route=\/wp\/v2\/posts"}],"about":[{"href":"https:\/\/www.egemtv.com\/index.php?rest_route=\/wp\/v2\/types\/post"}],"author":[{"embeddable":true,"href":"https:\/\/www.egemtv.com\/index.php?rest_route=\/wp\/v2\/users\/1"}],"replies":[{"embeddable":true,"href":"https:\/\/www.egemtv.com\/index.php?rest_route=%2Fwp%2Fv2%2Fcomments&post=46786"}],"version-history":[{"count":1,"href":"https:\/\/www.egemtv.com\/index.php?rest_route=\/wp\/v2\/posts\/46786\/revisions"}],"predecessor-version":[{"id":46788,"href":"https:\/\/www.egemtv.com\/index.php?rest_route=\/wp\/v2\/posts\/46786\/revisions\/46788"}],"wp:featuredmedia":[{"embeddable":true,"href":"https:\/\/www.egemtv.com\/index.php?rest_route=\/wp\/v2\/media\/46787"}],"wp:attachment":[{"href":"https:\/\/www.egemtv.com\/index.php?rest_route=%2Fwp%2Fv2%2Fmedia&parent=46786"}],"wp:term":[{"taxonomy":"category","embeddable":true,"href":"https:\/\/www.egemtv.com\/index.php?rest_route=%2Fwp%2Fv2%2Fcategories&post=46786"},{"taxonomy":"post_tag","embeddable":true,"href":"https:\/\/www.egemtv.com\/index.php?rest_route=%2Fwp%2Fv2%2Ftags&post=46786"}],"curies":[{"name":"wp","href":"https:\/\/api.w.org\/{rel}","templated":true}]}}