{"id":46783,"date":"2025-08-05T09:14:50","date_gmt":"2025-08-05T06:14:50","guid":{"rendered":"https:\/\/www.egemtv.com\/?p=46783"},"modified":"2025-08-05T09:14:51","modified_gmt":"2025-08-05T06:14:51","slug":"denizlili-atlet-65-yas-kategorisinde-30-yildir-kirilamayan-rekoru-kirdi","status":"publish","type":"post","link":"https:\/\/www.egemtv.com\/?p=46783","title":{"rendered":"Denizlili atlet 65 ya\u015f kategorisinde 30 y\u0131ld\u0131r k\u0131r\u0131lamayan rekoru k\u0131rd\u0131"},"content":{"rendered":"<p>Denizlili Master Atlet Abdullah Yavuz Ertekin, 1500 metrede r\u00fczgar gibi esti. 65 ya\u015f kategorisinde 30 y\u0131ld\u0131r k\u0131r\u0131lamayan rekoru 5:24.47 derecesiyle k\u0131ran Ertekin, tarihi bir ba\u015far\u0131ya imza att\u0131.<\/p>\n<p>02-03 A\u011fustos 2025 tarihlerinde \u0130stanbul\u2019da d\u00fczenlenen Masterlar Atletizm T\u00fcrkiye \u015eampiyonas\u0131, Burhan Felek Atletizm Sahas\u0131\u2019nda ger\u00e7ekle\u015fti. \u015eampiyonada Denizli ilini temsil eden sporcular, ya\u015f gruplar\u0131na g\u00f6re ald\u0131klar\u0131 derecelerle k\u00fcrs\u00fcye \u00e7\u0131kt\u0131. Denizlili Master Atlet Abdullah Yavuz Ertekin, 1500 metrede r\u00fczgar gibi esti. 65 ya\u015f kategorisinde 30 y\u0131ld\u0131r k\u0131r\u0131lamayan rekoru 5:24.47 derecesiyle k\u0131ran PAKDOS Kul\u00fcb\u00fc sporcusu Ertekin, tarihi bir ba\u015far\u0131ya imza att\u0131.<\/p>\n<p>Masterlar Atletizm T\u00fcrkiye \u015eampiyonas\u0131, Burhan Felek Atletizm Sahas\u0131\u2019nda Denizli ilini temsil eden sporcular, ya\u015f gruplar\u0131na g\u00f6re ald\u0131klar\u0131 dereceler ise; \u00c7etin \u00c7a\u011fatay, 65 Ya\u015f kategorisinde; 400 metrede 2\u2019inci, 800 metrede 2\u2019inci, 200 metrede 3\u2019\u00fcnc\u00fc oldu. Mahir Akbaba, 45 Ya\u015f kategorisinde; 400 metrede 1\u2019inci,  4&#215;400 metrede 1\u2019inci, 800 metrede 2\u2019inci oldu. \u0130smail Akta\u015f, 35 Ya\u015f kategorisinde; 400 ve 800 metrede 2\u2019inci oldu. Yavuz Ertekin, 65 Ya\u015f kategorisinde; 800 metrede ve bin 500 metrede 1\u2019inci oldu. Fulya \u015eahin, 54 Ya\u015f kategorisinde;  5 bin metrede 1\u2019inci oldu.<br \/><\/p>\n","protected":false},"excerpt":{"rendered":"<p>Denizlili Master Atlet Abdullah Yavuz Ertekin, 1500 metrede r\u00fczgar gibi esti. 65 ya\u015f kategorisinde 30 y\u0131ld\u0131r k\u0131r\u0131lamayan rekoru 5:24.47 derecesiyle k\u0131ran Ertekin, tarihi bir ba\u015far\u0131ya imza att\u0131. 02-03 A\u011fustos 2025 tarihlerinde \u0130stanbul\u2019da d\u00fczenlenen Masterlar Atletizm T\u00fcrkiye \u015eampiyonas\u0131, Burhan Felek Atletizm Sahas\u0131\u2019nda ger\u00e7ekle\u015fti. \u015eampiyonada Denizli ilini temsil eden sporcular, ya\u015f gruplar\u0131na g\u00f6re ald\u0131klar\u0131 derecelerle k\u00fcrs\u00fcye \u00e7\u0131kt\u0131&#8230;.<\/p>\n","protected":false},"author":1,"featured_media":46784,"comment_status":"open","ping_status":"open","sticky":false,"template":"","format":"standard","meta":{"_crdt_document":"","footnotes":""},"categories":[4],"tags":[],"class_list":["post-46783","post","type-post","status-publish","format-standard","has-post-thumbnail","hentry","category-spor"],"_links":{"self":[{"href":"https:\/\/www.egemtv.com\/index.php?rest_route=\/wp\/v2\/posts\/46783","targetHints":{"allow":["GET"]}}],"collection":[{"href":"https:\/\/www.egemtv.com\/index.php?rest_route=\/wp\/v2\/posts"}],"about":[{"href":"https:\/\/www.egemtv.com\/index.php?rest_route=\/wp\/v2\/types\/post"}],"author":[{"embeddable":true,"href":"https:\/\/www.egemtv.com\/index.php?rest_route=\/wp\/v2\/users\/1"}],"replies":[{"embeddable":true,"href":"https:\/\/www.egemtv.com\/index.php?rest_route=%2Fwp%2Fv2%2Fcomments&post=46783"}],"version-history":[{"count":1,"href":"https:\/\/www.egemtv.com\/index.php?rest_route=\/wp\/v2\/posts\/46783\/revisions"}],"predecessor-version":[{"id":46785,"href":"https:\/\/www.egemtv.com\/index.php?rest_route=\/wp\/v2\/posts\/46783\/revisions\/46785"}],"wp:featuredmedia":[{"embeddable":true,"href":"https:\/\/www.egemtv.com\/index.php?rest_route=\/wp\/v2\/media\/46784"}],"wp:attachment":[{"href":"https:\/\/www.egemtv.com\/index.php?rest_route=%2Fwp%2Fv2%2Fmedia&parent=46783"}],"wp:term":[{"taxonomy":"category","embeddable":true,"href":"https:\/\/www.egemtv.com\/index.php?rest_route=%2Fwp%2Fv2%2Fcategories&post=46783"},{"taxonomy":"post_tag","embeddable":true,"href":"https:\/\/www.egemtv.com\/index.php?rest_route=%2Fwp%2Fv2%2Ftags&post=46783"}],"curies":[{"name":"wp","href":"https:\/\/api.w.org\/{rel}","templated":true}]}}