{"id":46780,"date":"2025-08-05T01:14:35","date_gmt":"2025-08-04T22:14:35","guid":{"rendered":"https:\/\/www.egemtv.com\/?p=46780"},"modified":"2025-08-05T01:14:35","modified_gmt":"2025-08-04T22:14:35","slug":"afyonkarahisarda-golet-faciasi-11-yasindaki-iki-cocuk-bogularak-oldu","status":"publish","type":"post","link":"https:\/\/www.egemtv.com\/?p=46780","title":{"rendered":"Afyonkarahisar\u2019da g\u00f6let facias\u0131: 11 ya\u015f\u0131ndaki iki \u00e7ocuk bo\u011fularak \u00f6ld\u00fc"},"content":{"rendered":"<p>Afyonkarahisar\u2019da serinlemek i\u00e7in g\u00f6lete giren 11 ya\u015f\u0131ndaki iki \u00e7ocuk bo\u011fularak hayat\u0131n\u0131 kaybetti.<br \/>\n<br \/>Olay, \u0130hsaniye il\u00e7esi Yaylaba\u011f\u0131 beldesinde meydana geldi. Edinilen bilgilere g\u00f6re, 11 ya\u015flar\u0131ndaki A.A.K. ve M.E.\u00d6., serinlemek i\u00e7in bir k\u0131sm\u0131 batakl\u0131k olan g\u00f6lete girdi. Bir s\u00fcre sonra \u00e7ocuklar\u0131n g\u00f6zden kayboldu\u011funu g\u00f6ren \u00e7evre sakinleri durumu 112 Acil \u00c7a\u011fr\u0131 Merkezine bildirerek yard\u0131m istedi. \u0130hbar \u00fczerine b\u00f6lgeye \u0130l Afet ve Acil Durum M\u00fcd\u00fcrl\u00fc\u011f\u00fc (AFAD), sa\u011fl\u0131k, jandarma ve itfaiye ekipleri sevk edildi. B\u00f6lgeye gelen AFAD ekipleri yakla\u015f\u0131k 15 dakika s\u00fcren \u00e7al\u0131\u015fman\u0131n ard\u0131ndan \u00e7ocuklar\u0131n cans\u0131z bedenlerine ula\u015ft\u0131. Yap\u0131lan incelemenin ard\u0131ndan iki \u00e7ocu\u011fun cenazesi, otopsi yap\u0131lmak \u00fczere Afyonkarahisar Devlet Hastanesindeki Adli T\u0131p Kurumu morguna g\u00f6t\u00fcr\u00fcld\u00fc. Hastanede i\u015flemleri tamamlanan iki \u00e7ocu\u011fun cenazesi daha sonra ailelerine teslim edildi. Yaylaba\u011f\u0131 beldesindeki mezarl\u0131\u011fa getirilen iki \u00e7ocu\u011fun cenazesi, burada k\u0131l\u0131nan namaz\u0131n ard\u0131ndan topra\u011fa verildi.<br \/>\n<br \/>G\u00f6zya\u015f\u0131n\u0131n sel oldu\u011fu cenazede \u00e7ocuklar\u0131n aile \u00fcyeleri sinir krizleri ge\u00e7irdi.<br \/>\n<br \/>\u00d6te yandan, olayla ilgili savc\u0131l\u0131k taraf\u0131ndan ba\u015flat\u0131lan soru\u015fturman\u0131n s\u00fcrd\u00fc\u011f\u00fc bildirildi.<br \/><\/p>\n","protected":false},"excerpt":{"rendered":"<p>Afyonkarahisar\u2019da serinlemek i\u00e7in g\u00f6lete giren 11 ya\u015f\u0131ndaki iki \u00e7ocuk bo\u011fularak hayat\u0131n\u0131 kaybetti. Olay, \u0130hsaniye il\u00e7esi Yaylaba\u011f\u0131 beldesinde meydana geldi. Edinilen bilgilere g\u00f6re, 11 ya\u015flar\u0131ndaki A.A.K. ve M.E.\u00d6., serinlemek i\u00e7in bir k\u0131sm\u0131 batakl\u0131k olan g\u00f6lete girdi. Bir s\u00fcre sonra \u00e7ocuklar\u0131n g\u00f6zden kayboldu\u011funu g\u00f6ren \u00e7evre sakinleri durumu 112 Acil \u00c7a\u011fr\u0131 Merkezine bildirerek yard\u0131m istedi. \u0130hbar \u00fczerine b\u00f6lgeye&#8230;<\/p>\n","protected":false},"author":1,"featured_media":46781,"comment_status":"open","ping_status":"open","sticky":false,"template":"","format":"standard","meta":{"_crdt_document":"","footnotes":""},"categories":[5],"tags":[],"class_list":["post-46780","post","type-post","status-publish","format-standard","has-post-thumbnail","hentry","category-asayis"],"_links":{"self":[{"href":"https:\/\/www.egemtv.com\/index.php?rest_route=\/wp\/v2\/posts\/46780","targetHints":{"allow":["GET"]}}],"collection":[{"href":"https:\/\/www.egemtv.com\/index.php?rest_route=\/wp\/v2\/posts"}],"about":[{"href":"https:\/\/www.egemtv.com\/index.php?rest_route=\/wp\/v2\/types\/post"}],"author":[{"embeddable":true,"href":"https:\/\/www.egemtv.com\/index.php?rest_route=\/wp\/v2\/users\/1"}],"replies":[{"embeddable":true,"href":"https:\/\/www.egemtv.com\/index.php?rest_route=%2Fwp%2Fv2%2Fcomments&post=46780"}],"version-history":[{"count":1,"href":"https:\/\/www.egemtv.com\/index.php?rest_route=\/wp\/v2\/posts\/46780\/revisions"}],"predecessor-version":[{"id":46782,"href":"https:\/\/www.egemtv.com\/index.php?rest_route=\/wp\/v2\/posts\/46780\/revisions\/46782"}],"wp:featuredmedia":[{"embeddable":true,"href":"https:\/\/www.egemtv.com\/index.php?rest_route=\/wp\/v2\/media\/46781"}],"wp:attachment":[{"href":"https:\/\/www.egemtv.com\/index.php?rest_route=%2Fwp%2Fv2%2Fmedia&parent=46780"}],"wp:term":[{"taxonomy":"category","embeddable":true,"href":"https:\/\/www.egemtv.com\/index.php?rest_route=%2Fwp%2Fv2%2Fcategories&post=46780"},{"taxonomy":"post_tag","embeddable":true,"href":"https:\/\/www.egemtv.com\/index.php?rest_route=%2Fwp%2Fv2%2Ftags&post=46780"}],"curies":[{"name":"wp","href":"https:\/\/api.w.org\/{rel}","templated":true}]}}