{"id":46777,"date":"2025-08-05T00:34:28","date_gmt":"2025-08-04T21:34:28","guid":{"rendered":"https:\/\/www.egemtv.com\/?p=46777"},"modified":"2025-08-05T00:34:29","modified_gmt":"2025-08-04T21:34:29","slug":"hisarcikta-evin-mutfaginda-cikan-yangin-buyumeden-sonduruldu","status":"publish","type":"post","link":"https:\/\/www.egemtv.com\/?p=46777","title":{"rendered":"Hisarc\u0131k\u2019ta evin mutfa\u011f\u0131nda \u00e7\u0131kan yang\u0131n b\u00fcy\u00fcmeden s\u00f6nd\u00fcr\u00fcld\u00fc"},"content":{"rendered":"<p>K\u00fctahya\u2019n\u0131n Hisarc\u0131k il\u00e7esinde evin mutfa\u011f\u0131nda \u00e7\u0131kan yang\u0131n, itfaiye ekiplerinin zaman\u0131nda m\u00fcdahalesi sonucu evin di\u011fer b\u00f6l\u00fcmlerine s\u0131\u00e7ramadan s\u00f6nd\u00fcr\u00fcld\u00fc. Dumandan etkilenen 1 ki\u015fi tedavi alt\u0131na al\u0131nd\u0131.<br \/>\n<br \/>Edinilen bilgiye g\u00f6re, \u015eehitler Mahallesi\u2019nde \u0130. \u00d6zdemir\u2019e ait evin mutfa\u011f\u0131nda ak\u015fam saatlerinde hen\u00fcz belirlenemeyen bir nedenle yang\u0131n \u00e7\u0131kt\u0131. Mutfaktan duman \u00e7\u0131kt\u0131\u011f\u0131n\u0131 g\u00f6ren kom\u015fular\u0131n ihbar\u0131 \u00fczerine yang\u0131n mahaline itfaiye ve sa\u011fl\u0131k ekipleri sevk edildi. Mutfaktaki yang\u0131n itfaiye ekiplerinin zaman\u0131nda m\u00fcdahalesiyle evin di\u011fer b\u00f6l\u00fcmlerine s\u0131\u00e7ramadan s\u00f6nd\u00fcr\u00fcld\u00fc. Bu s\u0131rada dumandan etkilenen M. \u00d6zdemir Hisarc\u0131k Devlet Hastanesinde tedavi alt\u0131na al\u0131nd\u0131. Yang\u0131n sonucu mutfakta hasar olu\u015ftu.<br \/>\n<br \/>Yang\u0131nla ilgili soru\u015fturma ba\u015flat\u0131ld\u0131.<br \/><\/p>\n","protected":false},"excerpt":{"rendered":"<p>K\u00fctahya\u2019n\u0131n Hisarc\u0131k il\u00e7esinde evin mutfa\u011f\u0131nda \u00e7\u0131kan yang\u0131n, itfaiye ekiplerinin zaman\u0131nda m\u00fcdahalesi sonucu evin di\u011fer b\u00f6l\u00fcmlerine s\u0131\u00e7ramadan s\u00f6nd\u00fcr\u00fcld\u00fc. Dumandan etkilenen 1 ki\u015fi tedavi alt\u0131na al\u0131nd\u0131. Edinilen bilgiye g\u00f6re, \u015eehitler Mahallesi\u2019nde \u0130. \u00d6zdemir\u2019e ait evin mutfa\u011f\u0131nda ak\u015fam saatlerinde hen\u00fcz belirlenemeyen bir nedenle yang\u0131n \u00e7\u0131kt\u0131. Mutfaktan duman \u00e7\u0131kt\u0131\u011f\u0131n\u0131 g\u00f6ren kom\u015fular\u0131n ihbar\u0131 \u00fczerine yang\u0131n mahaline itfaiye ve sa\u011fl\u0131k ekipleri&#8230;<\/p>\n","protected":false},"author":1,"featured_media":46778,"comment_status":"open","ping_status":"open","sticky":false,"template":"","format":"standard","meta":{"_crdt_document":"","footnotes":""},"categories":[5],"tags":[],"class_list":["post-46777","post","type-post","status-publish","format-standard","has-post-thumbnail","hentry","category-asayis"],"_links":{"self":[{"href":"https:\/\/www.egemtv.com\/index.php?rest_route=\/wp\/v2\/posts\/46777","targetHints":{"allow":["GET"]}}],"collection":[{"href":"https:\/\/www.egemtv.com\/index.php?rest_route=\/wp\/v2\/posts"}],"about":[{"href":"https:\/\/www.egemtv.com\/index.php?rest_route=\/wp\/v2\/types\/post"}],"author":[{"embeddable":true,"href":"https:\/\/www.egemtv.com\/index.php?rest_route=\/wp\/v2\/users\/1"}],"replies":[{"embeddable":true,"href":"https:\/\/www.egemtv.com\/index.php?rest_route=%2Fwp%2Fv2%2Fcomments&post=46777"}],"version-history":[{"count":1,"href":"https:\/\/www.egemtv.com\/index.php?rest_route=\/wp\/v2\/posts\/46777\/revisions"}],"predecessor-version":[{"id":46779,"href":"https:\/\/www.egemtv.com\/index.php?rest_route=\/wp\/v2\/posts\/46777\/revisions\/46779"}],"wp:featuredmedia":[{"embeddable":true,"href":"https:\/\/www.egemtv.com\/index.php?rest_route=\/wp\/v2\/media\/46778"}],"wp:attachment":[{"href":"https:\/\/www.egemtv.com\/index.php?rest_route=%2Fwp%2Fv2%2Fmedia&parent=46777"}],"wp:term":[{"taxonomy":"category","embeddable":true,"href":"https:\/\/www.egemtv.com\/index.php?rest_route=%2Fwp%2Fv2%2Fcategories&post=46777"},{"taxonomy":"post_tag","embeddable":true,"href":"https:\/\/www.egemtv.com\/index.php?rest_route=%2Fwp%2Fv2%2Ftags&post=46777"}],"curies":[{"name":"wp","href":"https:\/\/api.w.org\/{rel}","templated":true}]}}