{"id":46720,"date":"2025-08-04T15:35:13","date_gmt":"2025-08-04T12:35:13","guid":{"rendered":"https:\/\/www.egemtv.com\/?p=46720"},"modified":"2025-08-04T15:35:14","modified_gmt":"2025-08-04T12:35:14","slug":"bozdoganli-ogrenciler-lgsde-gururlandirdi","status":"publish","type":"post","link":"https:\/\/www.egemtv.com\/?p=46720","title":{"rendered":"Bozdo\u011fanl\u0131 \u00f6\u011frenciler LGS\u2019de gururland\u0131rd\u0131"},"content":{"rendered":"<p>Bozdo\u011fan Fatih Ortaokulu, s\u0131navla \u00f6\u011frenci alan liselere yerle\u015ftirme ba\u015far\u0131s\u0131yla bu y\u0131l da ad\u0131ndan s\u00f6z ettirdi.<br \/>\n<br \/>Fatih Ortaokulu \u00f6\u011frencileri, Nazilli Fen Lisesi, Nazilli Anadolu Lisesi ve Nazilli Sosyal Bilimler Lisesi gibi Ayd\u0131n\u2019\u0131n se\u00e7kin e\u011fitim kurumlar\u0131na yerle\u015fme ba\u015far\u0131s\u0131 g\u00f6sterdi. Bu sonu\u00e7lar, okulun e\u011fitimdeki kalitesini bir kez daha g\u00f6zler \u00f6n\u00fcne serdi.<br \/>\n<br \/>Sadece yerel ba\u015far\u0131larla yetinmeyen \u00f6\u011frenciler, T\u00fcrkiye genelindeki nitelikli Fen Liseleri, Anadolu Liseleri ve Sosyal Bilimler Liselerine de yerle\u015ferek Bozdo\u011fan\u2019\u0131n ad\u0131n\u0131 duyurdu.<br \/><\/p>\n","protected":false},"excerpt":{"rendered":"<p>Bozdo\u011fan Fatih Ortaokulu, s\u0131navla \u00f6\u011frenci alan liselere yerle\u015ftirme ba\u015far\u0131s\u0131yla bu y\u0131l da ad\u0131ndan s\u00f6z ettirdi. Fatih Ortaokulu \u00f6\u011frencileri, Nazilli Fen Lisesi, Nazilli Anadolu Lisesi ve Nazilli Sosyal Bilimler Lisesi gibi Ayd\u0131n\u2019\u0131n se\u00e7kin e\u011fitim kurumlar\u0131na yerle\u015fme ba\u015far\u0131s\u0131 g\u00f6sterdi. Bu sonu\u00e7lar, okulun e\u011fitimdeki kalitesini bir kez daha g\u00f6zler \u00f6n\u00fcne serdi. Sadece yerel ba\u015far\u0131larla yetinmeyen \u00f6\u011frenciler, T\u00fcrkiye genelindeki&#8230;<\/p>\n","protected":false},"author":1,"featured_media":46721,"comment_status":"open","ping_status":"open","sticky":false,"template":"","format":"standard","meta":{"_crdt_document":"","footnotes":""},"categories":[1],"tags":[],"class_list":["post-46720","post","type-post","status-publish","format-standard","has-post-thumbnail","hentry","category-guncel"],"_links":{"self":[{"href":"https:\/\/www.egemtv.com\/index.php?rest_route=\/wp\/v2\/posts\/46720","targetHints":{"allow":["GET"]}}],"collection":[{"href":"https:\/\/www.egemtv.com\/index.php?rest_route=\/wp\/v2\/posts"}],"about":[{"href":"https:\/\/www.egemtv.com\/index.php?rest_route=\/wp\/v2\/types\/post"}],"author":[{"embeddable":true,"href":"https:\/\/www.egemtv.com\/index.php?rest_route=\/wp\/v2\/users\/1"}],"replies":[{"embeddable":true,"href":"https:\/\/www.egemtv.com\/index.php?rest_route=%2Fwp%2Fv2%2Fcomments&post=46720"}],"version-history":[{"count":1,"href":"https:\/\/www.egemtv.com\/index.php?rest_route=\/wp\/v2\/posts\/46720\/revisions"}],"predecessor-version":[{"id":46722,"href":"https:\/\/www.egemtv.com\/index.php?rest_route=\/wp\/v2\/posts\/46720\/revisions\/46722"}],"wp:featuredmedia":[{"embeddable":true,"href":"https:\/\/www.egemtv.com\/index.php?rest_route=\/wp\/v2\/media\/46721"}],"wp:attachment":[{"href":"https:\/\/www.egemtv.com\/index.php?rest_route=%2Fwp%2Fv2%2Fmedia&parent=46720"}],"wp:term":[{"taxonomy":"category","embeddable":true,"href":"https:\/\/www.egemtv.com\/index.php?rest_route=%2Fwp%2Fv2%2Fcategories&post=46720"},{"taxonomy":"post_tag","embeddable":true,"href":"https:\/\/www.egemtv.com\/index.php?rest_route=%2Fwp%2Fv2%2Ftags&post=46720"}],"curies":[{"name":"wp","href":"https:\/\/api.w.org\/{rel}","templated":true}]}}