{"id":46717,"date":"2025-08-04T15:35:13","date_gmt":"2025-08-04T12:35:13","guid":{"rendered":"https:\/\/www.egemtv.com\/?p=46717"},"modified":"2025-08-04T15:35:13","modified_gmt":"2025-08-04T12:35:13","slug":"denizlinin-yeni-gassallarina-uygulamali-egitim-verildi","status":"publish","type":"post","link":"https:\/\/www.egemtv.com\/?p=46717","title":{"rendered":"Denizli\u2019nin yeni gassallar\u0131na uygulamal\u0131 e\u011fitim verildi"},"content":{"rendered":"<p>Denizli\u2019de yo\u011fun talep \u00fczerine a\u00e7\u0131lan 32 saatlik Gassal ve Cenaze Hizmetleri Kursu, \u00f6l\u00fcm kar\u015f\u0131s\u0131nda sorumluluk \u00fcstlenmek isteyen g\u00f6n\u00fcll\u00fcleri bir araya getirdi.<\/p>\n<p>Denizli\u2019de vatanda\u015flardan gelen talepler do\u011frultusunda, \u00f6l\u00fcm sonras\u0131 dini hizmetlerin bilin\u00e7li bir \u015fekilde ger\u00e7ekle\u015ftirilmesi amac\u0131yla &#8220;Gassal ve Cenaze Hizmetleri&#8221; kursu a\u00e7\u0131ld\u0131. 20 ki\u015filik kontenjan k\u0131sa s\u00fcrede dolarken, kursa okuryazar ve 18 ya\u015f\u0131n\u0131 doldurmu\u015f herkes kabul edildi. Toplam 32 saat s\u00fcren e\u011fitim program\u0131n\u0131n temel amac\u0131n\u0131n, toplumda cenaze hizmetlerine y\u00f6nelik ihtiyac\u0131 kar\u015f\u0131lamak ve bu hizmetlerin dini kurallara uygun \u015fekilde y\u00fcr\u00fct\u00fclmesini sa\u011flamak oldu\u011fu bildirildi.<\/p>\n<p>\u0130lahiyat\u00e7\u0131 Mahfuz Altepe ve uygulamal\u0131 e\u011fitimlerde g\u00f6rev alan deneyimli gassal Orhan Fidan taraf\u0131ndan verilen e\u011fitimlerde en dikkat \u00e7eken b\u00f6l\u00fcmlerden biri ise cans\u0131z manken \u00fczerinde uygulamal\u0131 cenaze y\u0131kama ve kefenleme dersleri oldu.<\/p>\n<p>Kursun e\u011fitimcisi Mahfuz Altepe, ilk ba\u015fta Arap\u00e7a kursu a\u00e7mak i\u00e7in ba\u015fvurdu\u011funu ancak gassall\u0131k kursuna daha fazla talep oldu\u011funu belirtti. Arap\u00e7a, ilk yard\u0131m, dini bilgiler, geleneksel yanl\u0131\u015f inan\u0131\u015flar ve Peygamber d\u00f6nemindeki taziye anlay\u0131\u015flar\u0131na da yer verdiklerini ifade etti. Altepe, &#8220;Bu kurs sadece cenaze y\u0131kama de\u011fil; ayn\u0131 zamanda do\u011fru bilginin aktar\u0131m\u0131, hurafelerin ay\u0131klanmas\u0131 ve dini rit\u00fcellerin anlaml\u0131 \u015fekilde yerine getirilmesi i\u00e7in veriliyor Kurumuza kat\u0131lan, kursiyerlerimizin gerek\u00e7eleri \u00e7ok farkl\u0131. Kimisi y\u0131llard\u0131r bu e\u011fitimi almak istedi\u011fini, kimisi sevdi\u011fi bir yak\u0131n\u0131 vefat etti\u011finde onu bizzat y\u0131kamak istedi\u011fini, kimisi ise psikolojik olarak bu duruma haz\u0131rlanmak istiyor. Gassall\u0131k \u00fczerine \u00e7ekilen bir filmden etkilenip kat\u0131lanlar da oldu. Kursu ba\u015far\u0131yla tamamlayanlara Milli E\u011fitim Bakanl\u0131\u011f\u0131 onayl\u0131 sertifika verilecek&#8221; dedi.<br \/><\/p>\n","protected":false},"excerpt":{"rendered":"<p>Denizli\u2019de yo\u011fun talep \u00fczerine a\u00e7\u0131lan 32 saatlik Gassal ve Cenaze Hizmetleri Kursu, \u00f6l\u00fcm kar\u015f\u0131s\u0131nda sorumluluk \u00fcstlenmek isteyen g\u00f6n\u00fcll\u00fcleri bir araya getirdi. Denizli\u2019de vatanda\u015flardan gelen talepler do\u011frultusunda, \u00f6l\u00fcm sonras\u0131 dini hizmetlerin bilin\u00e7li bir \u015fekilde ger\u00e7ekle\u015ftirilmesi amac\u0131yla &#8220;Gassal ve Cenaze Hizmetleri&#8221; kursu a\u00e7\u0131ld\u0131. 20 ki\u015filik kontenjan k\u0131sa s\u00fcrede dolarken, kursa okuryazar ve 18 ya\u015f\u0131n\u0131 doldurmu\u015f herkes kabul&#8230;<\/p>\n","protected":false},"author":1,"featured_media":46718,"comment_status":"open","ping_status":"open","sticky":false,"template":"","format":"standard","meta":{"_crdt_document":"","footnotes":""},"categories":[123],"tags":[],"class_list":["post-46717","post","type-post","status-publish","format-standard","has-post-thumbnail","hentry","category-gundem"],"_links":{"self":[{"href":"https:\/\/www.egemtv.com\/index.php?rest_route=\/wp\/v2\/posts\/46717","targetHints":{"allow":["GET"]}}],"collection":[{"href":"https:\/\/www.egemtv.com\/index.php?rest_route=\/wp\/v2\/posts"}],"about":[{"href":"https:\/\/www.egemtv.com\/index.php?rest_route=\/wp\/v2\/types\/post"}],"author":[{"embeddable":true,"href":"https:\/\/www.egemtv.com\/index.php?rest_route=\/wp\/v2\/users\/1"}],"replies":[{"embeddable":true,"href":"https:\/\/www.egemtv.com\/index.php?rest_route=%2Fwp%2Fv2%2Fcomments&post=46717"}],"version-history":[{"count":1,"href":"https:\/\/www.egemtv.com\/index.php?rest_route=\/wp\/v2\/posts\/46717\/revisions"}],"predecessor-version":[{"id":46719,"href":"https:\/\/www.egemtv.com\/index.php?rest_route=\/wp\/v2\/posts\/46717\/revisions\/46719"}],"wp:featuredmedia":[{"embeddable":true,"href":"https:\/\/www.egemtv.com\/index.php?rest_route=\/wp\/v2\/media\/46718"}],"wp:attachment":[{"href":"https:\/\/www.egemtv.com\/index.php?rest_route=%2Fwp%2Fv2%2Fmedia&parent=46717"}],"wp:term":[{"taxonomy":"category","embeddable":true,"href":"https:\/\/www.egemtv.com\/index.php?rest_route=%2Fwp%2Fv2%2Fcategories&post=46717"},{"taxonomy":"post_tag","embeddable":true,"href":"https:\/\/www.egemtv.com\/index.php?rest_route=%2Fwp%2Fv2%2Ftags&post=46717"}],"curies":[{"name":"wp","href":"https:\/\/api.w.org\/{rel}","templated":true}]}}