{"id":46711,"date":"2025-08-04T15:14:47","date_gmt":"2025-08-04T12:14:47","guid":{"rendered":"https:\/\/www.egemtv.com\/?p=46711"},"modified":"2025-08-04T15:14:48","modified_gmt":"2025-08-04T12:14:48","slug":"mugla-buyuksehir-okculari-hedefleri-sasmadi","status":"publish","type":"post","link":"https:\/\/www.egemtv.com\/?p=46711","title":{"rendered":"Mu\u011fla B\u00fcy\u00fck\u015fehir ok\u00e7ular\u0131 hedefleri \u015fa\u015fmad\u0131"},"content":{"rendered":"<p>Mu\u011fla B\u00fcy\u00fck\u015fehir Belediyesi Spor Kul\u00fcb\u00fc Ok\u00e7ular\u0131 Samsun\u2019dan 3 Alt\u0131n, 1 G\u00fcm\u00fc\u015f Madalya ile d\u00f6nerek b\u00fcy\u00fck bir ba\u015far\u0131ya imza att\u0131.<br \/>\n<br \/>T\u00fcrkiye Ok\u00e7uluk Federasyonu taraf\u0131ndan Samsun\u2019da d\u00fczenlenen T\u00fcrkiye Kupas\u0131 3. Ayak M\u00fcsabakalar\u0131nda Mu\u011fla B\u00fcy\u00fck\u015fehir Belediyesi sporcular\u0131 \u00f6nemli dereceler elde etti. Makaral\u0131 Yay Kar\u0131\u015f\u0131k Tak\u0131m, Makaral\u0131 Yay Tak\u0131m ve Makaral\u0131 Yay Bireysel kategorilerinde T\u00fcrkiye \u015fampiyonu olan Mu\u011fla B\u00fcy\u00fck\u015fehir Belediyesi ok\u00e7ular\u0131, \u00fc\u00e7 alt\u0131n madalya kazand\u0131. Ayr\u0131ca, Makaral\u0131 Yay U21 kategorisinde m\u00fccadele eden sporcular, T\u00fcrkiye ikincisi olarak g\u00fcm\u00fc\u015f madalyan\u0131n sahibi oldu.<br \/>\n<br \/>B\u00fcy\u00fck\u015fehir ok\u00e7ular\u0131 \u015fampiyonaya damga vurdu<br \/>\n<br \/>T\u00fcrkiye Ok\u00e7uluk Federasyonu\u2019nun faaliyet program\u0131nda yer alan T\u00fcrkiye Kupas\u0131 3. Ayak M\u00fcsabakalar\u0131, Samsun\u2019daki \u0130lkad\u0131m Ok\u00e7uluk Tesislerinde ger\u00e7ekle\u015ftirildi. Organizasyona, T\u00fcrkiye genelinden 67 kul\u00fcpten 351 sporcu kat\u0131ld\u0131. \u015eampiyonaya Mu\u011fla B\u00fcy\u00fck\u015fehir Belediyesi Spor Kul\u00fcb\u00fc 6 kad\u0131n ve 1 erkek olmak \u00fczere toplam 7 sporcu ile kat\u0131ld\u0131.<br \/>\n<br \/>Alt\u0131n madalyalar Mu\u011fla\u2019ya<br \/>\n<br \/>Hazal Burun, Ece Su Demircan ve Eflal Duru Kaya\u2019dan olu\u015fan Mu\u011fla B\u00fcy\u00fck\u015fehir Belediyesi tak\u0131m\u0131, B\u00fcy\u00fck K\u0131zlar kategorisinde T\u00fcrkiye \u015eampiyonu oldu. Kar\u0131\u015f\u0131k Tak\u0131m kategorisinde yar\u0131\u015fan Hazal Burun ve Emircan Haney, T\u00fcrkiye \u015eampiyonu olarak alt\u0131n madalya kazand\u0131lar. Gen\u00e7 K\u0131zlar kategorisinde ise Ece Su Demircan, Meleknur K\u00fc\u00e7\u00fck ve Eflal Duru Kaya\u2019dan olu\u015fan tak\u0131m T\u00fcrkiye ikincisi oldu.<br \/>\n<br \/>Emircan T\u00fcrkiye \u015fampiyonu<br \/>\n<br \/>Samsun\u2019da d\u00fczenlenen T\u00fcrkiye Kupas\u0131 3. Ayak Turnuvas\u0131nda, Mu\u011fla B\u00fcy\u00fck\u015fehir Belediyesi sporcusu Emircan Haney, makaral\u0131 yay erkekler kategorisinde alt\u0131n madalya kazanarak T\u00fcrkiye \u015eampiyonu oldu.<br \/>\n<br \/>Ba\u015fkan Aras: &#8220;Sporcular\u0131m\u0131zla gurur duyuyoruz&#8221;<br \/>\n<br \/>K\u0131y\u0131 Ege Belediyeler Birli\u011fi ve Mu\u011fla B\u00fcy\u00fck\u015fehir Belediye Ba\u015fkan\u0131 Ahmet Aras, Samsun\u2019da d\u00fczenlenen T\u00fcrkiye Kupas\u0131 3. Ayak M\u00fcsabakalar\u0131nda T\u00fcrkiye \u015fampiyonu olan Mu\u011fla B\u00fcy\u00fck\u015fehir Belediyesi Spor Kul\u00fcb\u00fc ok\u00e7ular\u0131n\u0131 ve Antren\u00f6r Dr. Ejder S\u00f6zen\u2019i tebrik etti.<br \/>\n<br \/>Ba\u015fkan Aras, &#8220;Mu\u011fla\u2019m\u0131z\u0131 ulusal ve uluslararas\u0131 turnuvalarda ba\u015far\u0131yla temsil eden, azimleriyle bizleri gururland\u0131ran t\u00fcm sporcular\u0131m\u0131z\u0131 y\u00fcrekten kutluyorum. Samsun\u2019da d\u00fczenlenen ve bir\u00e7ok sporcunun kat\u0131ld\u0131\u011f\u0131 turnuvadan 3 alt\u0131n, 1 g\u00fcm\u00fc\u015f madalya ile d\u00f6nerek ok\u00e7ular\u0131m\u0131z bizleri ve Mu\u011fla\u2019m\u0131z\u0131 yine gururland\u0131rd\u0131. Bu ba\u015far\u0131da eme\u011fi ge\u00e7en k\u0131ymetli antren\u00f6r\u00fcm\u00fcz Dr. Ejder S\u00f6zen\u2019e de ayr\u0131ca te\u015fekk\u00fcr ediyorum. Bu \u00fcst\u00fcn ba\u015far\u0131lar, hem bizleri gururland\u0131r\u0131yor hem de di\u011fer gen\u00e7lere ilham veriyor. B\u00fcy\u00fck\u015fehir Belediyesi olarak spora ve sporcular\u0131m\u0131za destek vermeye devam edece\u011fiz&#8221; dedi.<br \/><\/p>\n","protected":false},"excerpt":{"rendered":"<p>Mu\u011fla B\u00fcy\u00fck\u015fehir Belediyesi Spor Kul\u00fcb\u00fc Ok\u00e7ular\u0131 Samsun\u2019dan 3 Alt\u0131n, 1 G\u00fcm\u00fc\u015f Madalya ile d\u00f6nerek b\u00fcy\u00fck bir ba\u015far\u0131ya imza att\u0131. T\u00fcrkiye Ok\u00e7uluk Federasyonu taraf\u0131ndan Samsun\u2019da d\u00fczenlenen T\u00fcrkiye Kupas\u0131 3. Ayak M\u00fcsabakalar\u0131nda Mu\u011fla B\u00fcy\u00fck\u015fehir Belediyesi sporcular\u0131 \u00f6nemli dereceler elde etti. Makaral\u0131 Yay Kar\u0131\u015f\u0131k Tak\u0131m, Makaral\u0131 Yay Tak\u0131m ve Makaral\u0131 Yay Bireysel kategorilerinde T\u00fcrkiye \u015fampiyonu olan Mu\u011fla B\u00fcy\u00fck\u015fehir&#8230;<\/p>\n","protected":false},"author":1,"featured_media":46712,"comment_status":"open","ping_status":"open","sticky":false,"template":"","format":"standard","meta":{"_crdt_document":"","footnotes":""},"categories":[4],"tags":[],"class_list":["post-46711","post","type-post","status-publish","format-standard","has-post-thumbnail","hentry","category-spor"],"_links":{"self":[{"href":"https:\/\/www.egemtv.com\/index.php?rest_route=\/wp\/v2\/posts\/46711","targetHints":{"allow":["GET"]}}],"collection":[{"href":"https:\/\/www.egemtv.com\/index.php?rest_route=\/wp\/v2\/posts"}],"about":[{"href":"https:\/\/www.egemtv.com\/index.php?rest_route=\/wp\/v2\/types\/post"}],"author":[{"embeddable":true,"href":"https:\/\/www.egemtv.com\/index.php?rest_route=\/wp\/v2\/users\/1"}],"replies":[{"embeddable":true,"href":"https:\/\/www.egemtv.com\/index.php?rest_route=%2Fwp%2Fv2%2Fcomments&post=46711"}],"version-history":[{"count":1,"href":"https:\/\/www.egemtv.com\/index.php?rest_route=\/wp\/v2\/posts\/46711\/revisions"}],"predecessor-version":[{"id":46713,"href":"https:\/\/www.egemtv.com\/index.php?rest_route=\/wp\/v2\/posts\/46711\/revisions\/46713"}],"wp:featuredmedia":[{"embeddable":true,"href":"https:\/\/www.egemtv.com\/index.php?rest_route=\/wp\/v2\/media\/46712"}],"wp:attachment":[{"href":"https:\/\/www.egemtv.com\/index.php?rest_route=%2Fwp%2Fv2%2Fmedia&parent=46711"}],"wp:term":[{"taxonomy":"category","embeddable":true,"href":"https:\/\/www.egemtv.com\/index.php?rest_route=%2Fwp%2Fv2%2Fcategories&post=46711"},{"taxonomy":"post_tag","embeddable":true,"href":"https:\/\/www.egemtv.com\/index.php?rest_route=%2Fwp%2Fv2%2Ftags&post=46711"}],"curies":[{"name":"wp","href":"https:\/\/api.w.org\/{rel}","templated":true}]}}