{"id":46708,"date":"2025-08-04T15:14:46","date_gmt":"2025-08-04T12:14:46","guid":{"rendered":"https:\/\/www.egemtv.com\/?p=46708"},"modified":"2025-08-04T15:14:47","modified_gmt":"2025-08-04T12:14:47","slug":"testler-ile-alerjilerini-ogrenen-hastalar-daha-konforlu-bir-yasam-suruyor","status":"publish","type":"post","link":"https:\/\/www.egemtv.com\/?p=46708","title":{"rendered":"Testler ile alerjilerini \u00f6\u011frenen hastalar daha konforlu bir ya\u015fam s\u00fcr\u00fcyor"},"content":{"rendered":"<p>Solunum, g\u0131da ve ila\u00e7 alerjilerinin tespit i\u00e7in 3 farkl\u0131 test y\u00f6ntemi oldu\u011funu ifade eden \u00d6zel Denizli Tekden Hastanesi G\u00f6\u011f\u00fcs Hastal\u0131klar\u0131 Uzman\u0131 Dr. Asl\u0131han Banu Er, alerji \u015fikayeti olanlar\u0131n uzman bir klini\u011fe ba\u015fvurmalar\u0131n\u0131 \u00f6nerdi.<br \/>\n<br \/>\u00d6zel Denizli Tekden Hastanesi G\u00f6\u011f\u00fcs Hastal\u0131klar\u0131 doktorlar\u0131ndan Uzm. Dr. Asl\u0131han Banu Er, alerji \u015fikayeti bulunan hastalara dair \u00f6nemli bilgiler payla\u015ft\u0131. \u00d6zel Denizli Tekden Hastanesinde 3 \u00e7e\u015fit alerji testinin bulundu\u011fu belirterek, alerji testleri hakk\u0131nda bilgiler veren Uz. Dr. Asl\u0131han Banu Er, &#8220;Birincisi deri prick testleri, ikincisi kandan yapt\u0131\u011f\u0131m\u0131z spesifik imm\u00fcnoglobulin E testleri, \u00fc\u00e7\u00fcnc\u00fcs\u00fc ise se\u00e7ili hastalarda yapt\u0131\u011f\u0131m\u0131z ila\u00e7 alerji testleri. Deri prick testleri ve kandan yapt\u0131\u011f\u0131m\u0131z spesifik imm\u00fcnoglobulin E testlerinde solunum ve g\u0131da alerjilerini tespit edebilmekteyiz. Kandan yapt\u0131\u011f\u0131m\u0131z testler her ya\u015f grubuna uygulanabilmektedir. \u0130la\u00e7 alerji testleri ise hastalar ve hekimlerin herhangi bir ilaca kar\u015f\u0131 alerji \u00f6yk\u00fcs\u00fc veya \u015f\u00fcphesi durumunda hastalar\u0131m\u0131za g\u00fcn\u00fc birlik yat\u0131\u015f yaparak g\u00f6zlem alt\u0131nda ger\u00e7ekle\u015ftirdi\u011fimiz \u00e7ok \u00f6nemli bir testtir. Alerji \u015fikayeti olan, herhangi bir ila\u00e7 alerjisi olan ve bunlar\u0131n tespit edilmesini isteyen hastalar\u0131m\u0131z uzmana ba\u015fvurmal\u0131d\u0131r&#8221; dedi.<br \/><\/p>\n","protected":false},"excerpt":{"rendered":"<p>Solunum, g\u0131da ve ila\u00e7 alerjilerinin tespit i\u00e7in 3 farkl\u0131 test y\u00f6ntemi oldu\u011funu ifade eden \u00d6zel Denizli Tekden Hastanesi G\u00f6\u011f\u00fcs Hastal\u0131klar\u0131 Uzman\u0131 Dr. Asl\u0131han Banu Er, alerji \u015fikayeti olanlar\u0131n uzman bir klini\u011fe ba\u015fvurmalar\u0131n\u0131 \u00f6nerdi. \u00d6zel Denizli Tekden Hastanesi G\u00f6\u011f\u00fcs Hastal\u0131klar\u0131 doktorlar\u0131ndan Uzm. Dr. Asl\u0131han Banu Er, alerji \u015fikayeti bulunan hastalara dair \u00f6nemli bilgiler payla\u015ft\u0131. \u00d6zel Denizli&#8230;<\/p>\n","protected":false},"author":1,"featured_media":46709,"comment_status":"open","ping_status":"open","sticky":false,"template":"","format":"standard","meta":{"_crdt_document":"","footnotes":""},"categories":[2],"tags":[],"class_list":["post-46708","post","type-post","status-publish","format-standard","has-post-thumbnail","hentry","category-saglik"],"_links":{"self":[{"href":"https:\/\/www.egemtv.com\/index.php?rest_route=\/wp\/v2\/posts\/46708","targetHints":{"allow":["GET"]}}],"collection":[{"href":"https:\/\/www.egemtv.com\/index.php?rest_route=\/wp\/v2\/posts"}],"about":[{"href":"https:\/\/www.egemtv.com\/index.php?rest_route=\/wp\/v2\/types\/post"}],"author":[{"embeddable":true,"href":"https:\/\/www.egemtv.com\/index.php?rest_route=\/wp\/v2\/users\/1"}],"replies":[{"embeddable":true,"href":"https:\/\/www.egemtv.com\/index.php?rest_route=%2Fwp%2Fv2%2Fcomments&post=46708"}],"version-history":[{"count":1,"href":"https:\/\/www.egemtv.com\/index.php?rest_route=\/wp\/v2\/posts\/46708\/revisions"}],"predecessor-version":[{"id":46710,"href":"https:\/\/www.egemtv.com\/index.php?rest_route=\/wp\/v2\/posts\/46708\/revisions\/46710"}],"wp:featuredmedia":[{"embeddable":true,"href":"https:\/\/www.egemtv.com\/index.php?rest_route=\/wp\/v2\/media\/46709"}],"wp:attachment":[{"href":"https:\/\/www.egemtv.com\/index.php?rest_route=%2Fwp%2Fv2%2Fmedia&parent=46708"}],"wp:term":[{"taxonomy":"category","embeddable":true,"href":"https:\/\/www.egemtv.com\/index.php?rest_route=%2Fwp%2Fv2%2Fcategories&post=46708"},{"taxonomy":"post_tag","embeddable":true,"href":"https:\/\/www.egemtv.com\/index.php?rest_route=%2Fwp%2Fv2%2Ftags&post=46708"}],"curies":[{"name":"wp","href":"https:\/\/api.w.org\/{rel}","templated":true}]}}