{"id":46705,"date":"2025-08-04T14:55:50","date_gmt":"2025-08-04T11:55:50","guid":{"rendered":"https:\/\/www.egemtv.com\/?p=46705"},"modified":"2025-08-04T14:55:51","modified_gmt":"2025-08-04T11:55:51","slug":"buharkentte-18-taze-incir-festivali-icin-geri-sayim-basladi","status":"publish","type":"post","link":"https:\/\/www.egemtv.com\/?p=46705","title":{"rendered":"Buharkent\u2019te 18. Taze \u0130ncir Festivali i\u00e7in geri say\u0131m ba\u015flad\u0131"},"content":{"rendered":"<p>Ayd\u0131n\u2019\u0131n Buharkent il\u00e7esinde bu y\u0131l 18\u2019incisi d\u00fczenlenecek olan K\u00fclt\u00fcr ve Sanat \u015eenli\u011fi Taze \u0130ncir Festivali i\u00e7in haz\u0131rl\u0131klar tamamland\u0131. 8-9-10 A\u011fustos tarihlerinde ger\u00e7ekle\u015ftirilecek olan festival, konserlerden yar\u0131\u015fmalara kadar bir\u00e7ok etkinli\u011fe ev sahipli\u011fi yapacak.<\/p>\n<p>Taze inciriyle \u00fcn kazanan Ayd\u0131n\u2019\u0131n Buharkent il\u00e7esi, her y\u0131l oldu\u011fu gibi bu y\u0131l da incir hasad\u0131n\u0131n bereketini ve il\u00e7enin k\u00fclt\u00fcrel zenginli\u011fini bir arada kutlamaya haz\u0131rlan\u0131yor. \u00dcreticilerin b\u00fcy\u00fck emekle yeti\u015ftirdi\u011fi taze incirlerin tan\u0131t\u0131m\u0131na katk\u0131 sunmay\u0131 ama\u00e7layan festival, ayn\u0131 zamanda Buharkent\u2019in de\u011fi\u015fen ve geli\u015fen y\u00fcz\u00fcn\u00fc g\u00f6zler \u00f6n\u00fcne serecek. Modern kapal\u0131 pazar yerinin yan\u0131 s\u0131ra il\u00e7eye kazand\u0131r\u0131lan \u00e7e\u015fitli yat\u0131r\u0131mlar\u0131n toplu a\u00e7\u0131l\u0131\u015f\u0131 da festival kapsam\u0131nda ger\u00e7ekle\u015ftirilecek. \u00dc\u00e7 g\u00fcn s\u00fcrecek etkinlikler boyunca halk oyunlar\u0131, konserler, yar\u0131\u015fmalar ve y\u00f6resel tatlarla ziyaret\u00e7ilere dolu dolu bir program sunulacak.<\/p>\n<p>Festivalin ilk g\u00fcn\u00fc olan 8 A\u011fustos Cuma sabah saat 07.00\u2019de taze incir hasat \u015fenli\u011fiyle ba\u015flayacak olan etkinlikler, saat 13.30\u2019da ba\u015flayacak festival y\u00fcr\u00fcy\u00fc\u015f\u00fcyle devam edecek. Ayn\u0131 g\u00fcn saat 14.00\u2019te kapal\u0131 pazar yeri ve di\u011fer yat\u0131r\u0131mlar\u0131n toplu a\u00e7\u0131l\u0131\u015f\u0131 ile festivalin resmi a\u00e7\u0131l\u0131\u015f\u0131 ger\u00e7ekle\u015ftirilecek. Ak\u015fam saatlerinde ise NAZOT Orkestras\u0131, Esra Sezer ve Aden sahne alacak, ard\u0131ndan saat 22.00\u2019de \u00fcnl\u00fc sanat\u00e7\u0131 U\u011fur I\u015f\u0131lak konser verecek.<\/p>\n<p>9 A\u011fustos Cumartesi g\u00fcn\u00fc y\u00fczme havuzunda d\u00fczenlenecek y\u00fczme ve su topu yar\u0131\u015fmalar\u0131 ile ba\u015flayacak etkinlikler, incir tatl\u0131s\u0131 yar\u0131\u015fmas\u0131 ile devam edecek. Gecede ise Popstar yar\u0131\u015fmas\u0131ndan tan\u0131nan Harun ve Belgin G\u00f6lc\u00fck sahne alacak, ard\u0131ndan saat 22.00\u2019de \u0130ntizar konser verecek.<\/p>\n<p>Festivalin son g\u00fcn\u00fc olan 10 A\u011fustos Pazar sabah\u0131 saat 09.00\u2019da Yukar\u0131 Gelenbe at\u0131\u015f alan\u0131nda at\u0131c\u0131l\u0131k yar\u0131\u015fmas\u0131 d\u00fczenlenecek. Ak\u015fam program\u0131nda ise Ferudun Ba\u015faran, Ba\u015fak Ak\u0131nc\u0131 ve Sevtu\u011f Kasapba\u015fo\u011flu\u2019nun sahne alaca\u011f\u0131 konserlerin ard\u0131ndan saat 22.00\u2019de \u00fcnl\u00fc sanat\u00e7\u0131 Tu\u011f\u00e7e Kandemir m\u00fczikseverlerle bulu\u015facak.<\/p>\n<p>Buharkent Kaymakam\u0131 Abdullah Emre \u00d6zefe ve Buharkent Belediye Ba\u015fkan\u0131 Mehmet Erol\u2019un imzas\u0131n\u0131 ta\u015f\u0131yan davetiyede, &#8220;Buharkentimizin bereketli topraklar\u0131nda yeti\u015fen e\u015fsiz lezzet taze incirimizin ve il\u00e7emizin k\u00fclt\u00fcrel de\u011ferlerinin tan\u0131t\u0131m\u0131 amac\u0131yla bu y\u0131l 18\u2019incisini d\u00fczenleyece\u011fimiz \u2019K\u00fclt\u00fcr ve Sanat \u015eenli\u011fi Taze \u0130ncir Festivali\u2019 sizlerin kat\u0131l\u0131m\u0131yla anlam kazanacakt\u0131r. Ayr\u0131ca il\u00e7emize kazand\u0131rd\u0131\u011f\u0131m\u0131z modern kapal\u0131 pazar yeri ve di\u011fer yat\u0131r\u0131mlar\u0131m\u0131z\u0131n toplu a\u00e7\u0131l\u0131\u015f t\u00f6reni de festival kapsam\u0131nda ger\u00e7ekle\u015ftirilecektir. Sizleri; k\u00fclt\u00fcr, sanat, m\u00fczik ve y\u00f6resel lezzetlerle dolu g\u00fczel bir g\u00fcnde bir arada olmaya, Buharkent\u2019in de\u011fi\u015fen y\u00fcz\u00fcne birlikte \u015fahitlik etmeye davet ediyoruz&#8221; ifadelerine yer verildi.<br \/><\/p>\n","protected":false},"excerpt":{"rendered":"<p>Ayd\u0131n\u2019\u0131n Buharkent il\u00e7esinde bu y\u0131l 18\u2019incisi d\u00fczenlenecek olan K\u00fclt\u00fcr ve Sanat \u015eenli\u011fi Taze \u0130ncir Festivali i\u00e7in haz\u0131rl\u0131klar tamamland\u0131. 8-9-10 A\u011fustos tarihlerinde ger\u00e7ekle\u015ftirilecek olan festival, konserlerden yar\u0131\u015fmalara kadar bir\u00e7ok etkinli\u011fe ev sahipli\u011fi yapacak. Taze inciriyle \u00fcn kazanan Ayd\u0131n\u2019\u0131n Buharkent il\u00e7esi, her y\u0131l oldu\u011fu gibi bu y\u0131l da incir hasad\u0131n\u0131n bereketini ve il\u00e7enin k\u00fclt\u00fcrel zenginli\u011fini bir arada&#8230;<\/p>\n","protected":false},"author":1,"featured_media":46706,"comment_status":"open","ping_status":"open","sticky":false,"template":"","format":"standard","meta":{"_crdt_document":"","footnotes":""},"categories":[1],"tags":[],"class_list":["post-46705","post","type-post","status-publish","format-standard","has-post-thumbnail","hentry","category-guncel"],"_links":{"self":[{"href":"https:\/\/www.egemtv.com\/index.php?rest_route=\/wp\/v2\/posts\/46705","targetHints":{"allow":["GET"]}}],"collection":[{"href":"https:\/\/www.egemtv.com\/index.php?rest_route=\/wp\/v2\/posts"}],"about":[{"href":"https:\/\/www.egemtv.com\/index.php?rest_route=\/wp\/v2\/types\/post"}],"author":[{"embeddable":true,"href":"https:\/\/www.egemtv.com\/index.php?rest_route=\/wp\/v2\/users\/1"}],"replies":[{"embeddable":true,"href":"https:\/\/www.egemtv.com\/index.php?rest_route=%2Fwp%2Fv2%2Fcomments&post=46705"}],"version-history":[{"count":1,"href":"https:\/\/www.egemtv.com\/index.php?rest_route=\/wp\/v2\/posts\/46705\/revisions"}],"predecessor-version":[{"id":46707,"href":"https:\/\/www.egemtv.com\/index.php?rest_route=\/wp\/v2\/posts\/46705\/revisions\/46707"}],"wp:featuredmedia":[{"embeddable":true,"href":"https:\/\/www.egemtv.com\/index.php?rest_route=\/wp\/v2\/media\/46706"}],"wp:attachment":[{"href":"https:\/\/www.egemtv.com\/index.php?rest_route=%2Fwp%2Fv2%2Fmedia&parent=46705"}],"wp:term":[{"taxonomy":"category","embeddable":true,"href":"https:\/\/www.egemtv.com\/index.php?rest_route=%2Fwp%2Fv2%2Fcategories&post=46705"},{"taxonomy":"post_tag","embeddable":true,"href":"https:\/\/www.egemtv.com\/index.php?rest_route=%2Fwp%2Fv2%2Ftags&post=46705"}],"curies":[{"name":"wp","href":"https:\/\/api.w.org\/{rel}","templated":true}]}}