{"id":46702,"date":"2025-08-04T14:55:50","date_gmt":"2025-08-04T11:55:50","guid":{"rendered":"https:\/\/www.egemtv.com\/?p=46702"},"modified":"2025-08-04T14:55:50","modified_gmt":"2025-08-04T11:55:50","slug":"mahalle-sakinleri-geleneksel-koy-bulusmasinda-bir-araya-geldi","status":"publish","type":"post","link":"https:\/\/www.egemtv.com\/?p=46702","title":{"rendered":"Mahalle sakinleri Geleneksel K\u00f6y Bulu\u015fmas\u0131\u2019nda bir araya geldi"},"content":{"rendered":"<p>Ayd\u0131n\u2019\u0131n Kuyucak il\u00e7esine ba\u011fl\u0131 k\u0131rsal Ta\u015foluk Mahallesi sakinleri geleneksel k\u00f6y bulu\u015fmas\u0131nda bir araya geldi.<\/p>\n<p>Ayd\u0131n\u2019\u0131n Kuyucak il\u00e7esine ba\u011fl\u0131 yakla\u015f\u0131k 900 rak\u0131ml\u0131 k\u0131rsal yayla mahallelerinden Ta\u015foluk Mahallesi\u2019nde Mahalle Muhtar\u0131 H\u00fcseyin Ta\u015f\u2019\u0131n \u00f6nc\u00fcl\u00fc\u011f\u00fcnde ilk kez hay\u0131r yeme\u011fi ve bulu\u015fma etkinli\u011fi d\u00fczenlendi. Hem geleneksel yard\u0131mla\u015fma ve dayan\u0131\u015fma k\u00fclt\u00fcr\u00fcn\u00fc ya\u015fatmak hem de Ta\u015foluklu olup da mahalle d\u0131\u015f\u0131nda ya\u015fayanlar\u0131 y\u0131lda bir kez olsun bir araya getirmeyi hedefleyen Geleneksel Ta\u015foluk K\u00f6y Bulu\u015fmas\u0131 etkinli\u011fi yo\u011fun kat\u0131l\u0131mla ger\u00e7ekle\u015ftirildi. Birlikte haz\u0131rlad\u0131klar\u0131 ke\u015fkek, g\u00fcve\u00e7, pilav, cac\u0131k ve tatl\u0131lardan yiyen ve el a\u00e7arak dua eden mahalle sakinleri, \u00f6nc\u00fcl\u00fck yapt\u0131\u011f\u0131 i\u00e7in muhtarlar\u0131 H\u00fcseyin Ta\u015f\u2019a te\u015fekk\u00fcr etti.<\/p>\n<p>&#8220;Geleneksel hale getirece\u011fiz&#8221;<br \/>\n<br \/>\u0130mece usul\u00fc dayan\u0131\u015fma ve yard\u0131mla\u015fman\u0131n en g\u00fczel \u00f6rneklerinden birisinin sergilendi\u011fi hay\u0131r yeme\u011fi ve bulu\u015fma etkinli\u011finin geleneksel hale gelece\u011fini ve farkl\u0131 etkinliklerle k\u00f6y halk\u0131n\u0131n bir araya gelece\u011fini ifade eden Muhtar H\u00fcseyin Ta\u015f: &#8220;K\u00f6y\u00fcm\u00fcz yakla\u015f\u0131k 300 haneye sahip kendi kendine yetebilen yayla k\u00f6y\u00fc. Muhtar olarak ilk d\u00f6nemim ve burada yap\u0131lmayan bir ilki ger\u00e7ekle\u015ftirmeye karar verdik ve geleneksel hale getirmek \u00fczere birinci k\u00f6y bulu\u015fmam\u0131z\u0131 ger\u00e7ekle\u015ftirdik. Y\u00f6remizde yeti\u015ftirilen \u00fcr\u00fcnler, memba sular\u0131m\u0131z ve mahalle d\u0131\u015f\u0131ndan gelen farkl\u0131 desteklerle ilk hayr\u0131m\u0131z\u0131 ger\u00e7ekle\u015ftirdik. Bu hay\u0131r ve bulu\u015fmada herkesin katk\u0131s\u0131 oldu. Allah herkesten raz\u0131 olsun. \u0130n\u015fallah bundan sonra her y\u0131l daha da g\u00fczelle\u015ftirerek etkinliklerimizi s\u00fcrd\u00fcrece\u011fiz&#8221; dedi. Muhtar Ta\u015f, k\u00f6ylerini tan\u0131tmak i\u00e7in \u00e7al\u0131\u015fma yapacaklar\u0131n\u0131 da belirtti.<\/p>\n<p>&#8220;Bu bir ba\u015flang\u0131\u00e7&#8221;<br \/>\n<br \/>Mahalle sakinlerinden \u0130smail \u00d6zg\u00fcle\u00e7 ise ba\u015fta mahalle muhtar\u0131 olmak \u00fczere eme\u011fi ge\u00e7en herkese te\u015fekk\u00fcr ederek: &#8220;Mahallemizde ilk kez b\u00f6yle bir etkinlik d\u00fczenlendi. Bu bir ba\u015flang\u0131\u00e7. Geleneksel halde devam ettirmeyi d\u00fc\u015f\u00fcn\u00fcyoruz. \u0130n\u015fallah hay\u0131rl\u0131 u\u011furlu olur&#8221; dedi.<\/p>\n<p>&#8220;Eme\u011fi ge\u00e7en herkese te\u015fekk\u00fcrler&#8221;<br \/>\n<br \/>S\u0131d\u0131ka \u00d6zg\u00fcle\u00e7 de konu\u015fmas\u0131nda Muhtar Ta\u015f\u2019a te\u015fekk\u00fcr ederek: &#8220;Muhtar\u0131m \u00f6nc\u00fcl\u00fc\u011f\u00fcnde ilk k\u00f6y hayr\u0131m\u0131z\u0131 ger\u00e7ekle\u015ftirdik. \u0130n\u015fallah her y\u0131l geleneksel halde devam edece\u011fiz. Eme\u011fi ge\u00e7en herkese te\u015fekk\u00fcrler&#8221; dedi.<\/p>\n<p>Sabah erken saatlerde ba\u015flayarak g\u00fcn boyu s\u00fcren hay\u0131r etkinli\u011finde kazanlar dolusu pi\u015firilen yemekler yine k\u00f6y sakinleri taraf\u0131ndan konuklara servis edildi.<br \/><\/p>\n","protected":false},"excerpt":{"rendered":"<p>Ayd\u0131n\u2019\u0131n Kuyucak il\u00e7esine ba\u011fl\u0131 k\u0131rsal Ta\u015foluk Mahallesi sakinleri geleneksel k\u00f6y bulu\u015fmas\u0131nda bir araya geldi. Ayd\u0131n\u2019\u0131n Kuyucak il\u00e7esine ba\u011fl\u0131 yakla\u015f\u0131k 900 rak\u0131ml\u0131 k\u0131rsal yayla mahallelerinden Ta\u015foluk Mahallesi\u2019nde Mahalle Muhtar\u0131 H\u00fcseyin Ta\u015f\u2019\u0131n \u00f6nc\u00fcl\u00fc\u011f\u00fcnde ilk kez hay\u0131r yeme\u011fi ve bulu\u015fma etkinli\u011fi d\u00fczenlendi. Hem geleneksel yard\u0131mla\u015fma ve dayan\u0131\u015fma k\u00fclt\u00fcr\u00fcn\u00fc ya\u015fatmak hem de Ta\u015foluklu olup da mahalle d\u0131\u015f\u0131nda ya\u015fayanlar\u0131 y\u0131lda&#8230;<\/p>\n","protected":false},"author":1,"featured_media":46703,"comment_status":"open","ping_status":"open","sticky":false,"template":"","format":"standard","meta":{"_crdt_document":"","footnotes":""},"categories":[1],"tags":[],"class_list":["post-46702","post","type-post","status-publish","format-standard","has-post-thumbnail","hentry","category-guncel"],"_links":{"self":[{"href":"https:\/\/www.egemtv.com\/index.php?rest_route=\/wp\/v2\/posts\/46702","targetHints":{"allow":["GET"]}}],"collection":[{"href":"https:\/\/www.egemtv.com\/index.php?rest_route=\/wp\/v2\/posts"}],"about":[{"href":"https:\/\/www.egemtv.com\/index.php?rest_route=\/wp\/v2\/types\/post"}],"author":[{"embeddable":true,"href":"https:\/\/www.egemtv.com\/index.php?rest_route=\/wp\/v2\/users\/1"}],"replies":[{"embeddable":true,"href":"https:\/\/www.egemtv.com\/index.php?rest_route=%2Fwp%2Fv2%2Fcomments&post=46702"}],"version-history":[{"count":1,"href":"https:\/\/www.egemtv.com\/index.php?rest_route=\/wp\/v2\/posts\/46702\/revisions"}],"predecessor-version":[{"id":46704,"href":"https:\/\/www.egemtv.com\/index.php?rest_route=\/wp\/v2\/posts\/46702\/revisions\/46704"}],"wp:featuredmedia":[{"embeddable":true,"href":"https:\/\/www.egemtv.com\/index.php?rest_route=\/wp\/v2\/media\/46703"}],"wp:attachment":[{"href":"https:\/\/www.egemtv.com\/index.php?rest_route=%2Fwp%2Fv2%2Fmedia&parent=46702"}],"wp:term":[{"taxonomy":"category","embeddable":true,"href":"https:\/\/www.egemtv.com\/index.php?rest_route=%2Fwp%2Fv2%2Fcategories&post=46702"},{"taxonomy":"post_tag","embeddable":true,"href":"https:\/\/www.egemtv.com\/index.php?rest_route=%2Fwp%2Fv2%2Ftags&post=46702"}],"curies":[{"name":"wp","href":"https:\/\/api.w.org\/{rel}","templated":true}]}}