{"id":46567,"date":"2025-08-04T10:14:55","date_gmt":"2025-08-04T07:14:55","guid":{"rendered":"https:\/\/www.egemtv.com\/?p=46567"},"modified":"2025-08-04T10:14:56","modified_gmt":"2025-08-04T07:14:56","slug":"aydin-ihracatta-vites-yukseltti","status":"publish","type":"post","link":"https:\/\/www.egemtv.com\/?p=46567","title":{"rendered":"Ayd\u0131n ihracatta vites y\u00fckseltti"},"content":{"rendered":"<p>Ege \u0130hracat\u00e7\u0131 Birlikleri 2025 y\u0131l\u0131n\u0131n ikinci yar\u0131s\u0131na ba\u015far\u0131l\u0131 bir giri\u015f yaparken, Ayd\u0131n ge\u00e7ti\u011fimiz y\u0131l\u0131n Temmuz ay\u0131na g\u00f6re y\u00fczde 12,5\u2019lik art\u0131\u015f g\u00f6stererek ihracat\u0131n\u0131 81 milyon dolara ta\u015f\u0131d\u0131.<\/p>\n<p>Ege \u0130hracat\u00e7\u0131 Birlikleri\u2019nin Ocak &#8211; Temmuz d\u00f6neminde ihracat\u0131 y\u00fczde 1\u2019lik art\u0131\u015fla 10 milyar 525 milyon dolardan 10 milyar 653 milyon dolara \u00e7\u0131karken, son 1 y\u0131ll\u0131k d\u00f6nemdeki ihracat\u0131 y\u00fczde 2\u2019lik art\u0131\u015fla 18 milyar 120 milyon dolardan 18 milyar 522 milyon dolara ilerledi. Sanayi sekt\u00f6rleri ihracatlar\u0131n\u0131 y\u00fczde 8\u2019lik art\u0131\u015fla 821 milyon dolardan 889 milyon dolara y\u00fckseltirken, tar\u0131m sekt\u00f6rleri 2024 y\u0131l\u0131 temmuz ay\u0131nda 601 milyon dolar olan ihracatlar\u0131n\u0131 2025 y\u0131l\u0131 temmuz ay\u0131nda y\u00fczde 9 b\u00fcy\u00fcterek 654 milyon dolara ilerletti. Madencilik sekt\u00f6r\u00fc ise; 107 milyon dolarl\u0131k ihracat\u0131 hanesine yazd\u0131rd\u0131.<\/p>\n<p>Ge\u00e7ti\u011fimiz y\u0131l Temmuz ay\u0131nda 1 milyar 533 milyon dolarl\u0131k ihracat yapan Egeli ihracat\u00e7\u0131lar, 2025 y\u0131l\u0131 Temmuz ay\u0131nda y\u00fczde 8\u2019lik art\u0131\u015fla 1 milyar 650 milyon dolarl\u0131k ihracata imza att\u0131. Temmuz ay\u0131nda, Ege B\u00f6lgesi\u2019nde ihracat\u0131n\u0131 art\u0131rmay\u0131 ba\u015faran illerden bir di\u011feri Ayd\u0131n oldu. 2024 y\u0131l\u0131 temmuz ay\u0131nda 72 milyon dolar ihracat yapan Ayd\u0131n, 2025 y\u0131l\u0131 temmuz ay\u0131nda ihracat\u0131n\u0131 y\u00fczde 12,5\u2019lik art\u0131\u015fla 81 milyon dolara ta\u015f\u0131d\u0131.<br \/><\/p>\n","protected":false},"excerpt":{"rendered":"<p>Ege \u0130hracat\u00e7\u0131 Birlikleri 2025 y\u0131l\u0131n\u0131n ikinci yar\u0131s\u0131na ba\u015far\u0131l\u0131 bir giri\u015f yaparken, Ayd\u0131n ge\u00e7ti\u011fimiz y\u0131l\u0131n Temmuz ay\u0131na g\u00f6re y\u00fczde 12,5\u2019lik art\u0131\u015f g\u00f6stererek ihracat\u0131n\u0131 81 milyon dolara ta\u015f\u0131d\u0131. Ege \u0130hracat\u00e7\u0131 Birlikleri\u2019nin Ocak &#8211; Temmuz d\u00f6neminde ihracat\u0131 y\u00fczde 1\u2019lik art\u0131\u015fla 10 milyar 525 milyon dolardan 10 milyar 653 milyon dolara \u00e7\u0131karken, son 1 y\u0131ll\u0131k d\u00f6nemdeki ihracat\u0131 y\u00fczde 2\u2019lik&#8230;<\/p>\n","protected":false},"author":1,"featured_media":46568,"comment_status":"open","ping_status":"open","sticky":false,"template":"","format":"standard","meta":{"_crdt_document":"","footnotes":""},"categories":[125],"tags":[],"class_list":["post-46567","post","type-post","status-publish","format-standard","has-post-thumbnail","hentry","category-ekonomi"],"_links":{"self":[{"href":"https:\/\/www.egemtv.com\/index.php?rest_route=\/wp\/v2\/posts\/46567","targetHints":{"allow":["GET"]}}],"collection":[{"href":"https:\/\/www.egemtv.com\/index.php?rest_route=\/wp\/v2\/posts"}],"about":[{"href":"https:\/\/www.egemtv.com\/index.php?rest_route=\/wp\/v2\/types\/post"}],"author":[{"embeddable":true,"href":"https:\/\/www.egemtv.com\/index.php?rest_route=\/wp\/v2\/users\/1"}],"replies":[{"embeddable":true,"href":"https:\/\/www.egemtv.com\/index.php?rest_route=%2Fwp%2Fv2%2Fcomments&post=46567"}],"version-history":[{"count":1,"href":"https:\/\/www.egemtv.com\/index.php?rest_route=\/wp\/v2\/posts\/46567\/revisions"}],"predecessor-version":[{"id":46569,"href":"https:\/\/www.egemtv.com\/index.php?rest_route=\/wp\/v2\/posts\/46567\/revisions\/46569"}],"wp:featuredmedia":[{"embeddable":true,"href":"https:\/\/www.egemtv.com\/index.php?rest_route=\/wp\/v2\/media\/46568"}],"wp:attachment":[{"href":"https:\/\/www.egemtv.com\/index.php?rest_route=%2Fwp%2Fv2%2Fmedia&parent=46567"}],"wp:term":[{"taxonomy":"category","embeddable":true,"href":"https:\/\/www.egemtv.com\/index.php?rest_route=%2Fwp%2Fv2%2Fcategories&post=46567"},{"taxonomy":"post_tag","embeddable":true,"href":"https:\/\/www.egemtv.com\/index.php?rest_route=%2Fwp%2Fv2%2Ftags&post=46567"}],"curies":[{"name":"wp","href":"https:\/\/api.w.org\/{rel}","templated":true}]}}