{"id":46561,"date":"2025-08-04T09:54:45","date_gmt":"2025-08-04T06:54:45","guid":{"rendered":"https:\/\/www.egemtv.com\/?p=46561"},"modified":"2025-08-04T09:54:46","modified_gmt":"2025-08-04T06:54:46","slug":"baskan-cercioglundan-7-eylul-temali-odullu-yarisma","status":"publish","type":"post","link":"https:\/\/www.egemtv.com\/?p=46561","title":{"rendered":"Ba\u015fkan \u00c7er\u00e7io\u011flu\u2019ndan 7 Eyl\u00fcl temal\u0131 \u00f6d\u00fcll\u00fc yar\u0131\u015fma"},"content":{"rendered":"<p>Ayd\u0131n B\u00fcy\u00fck\u015fehir Belediye Ba\u015fkan\u0131 \u00d6zlem \u00c7er\u00e7io\u011flu, Ayd\u0131n\u2019\u0131n d\u00fc\u015fman i\u015fgalinden kurtulu\u015funun y\u0131ld\u00f6n\u00fcm\u00fcnde \u20197\u2019den 70\u2019e Kurtulu\u015f Destan\u0131 Ayd\u0131n\u2019 temal\u0131 \u00f6d\u00fcll\u00fc resim, \u015fiir ve kompozisyon yar\u0131\u015fmas\u0131yla \u00f6\u011frencileri co\u015fkuya ortak olmaya davet ediyor.<\/p>\n<p>Gen\u00e7lerin sanata y\u00f6nelmesini te\u015fvik eden Ayd\u0131n B\u00fcy\u00fck\u015fehir Belediyesi, bu anlaml\u0131 yar\u0131\u015fmayla farkl\u0131 ya\u015f gruplar\u0131ndaki \u00f6\u011frencilerin yeteneklerini ortaya koymas\u0131na f\u0131rsat sunacak. Resim kategorisinde anaokulu ve ilkokul, kompozisyon kategorisinde ortaokul, \u015fiir kategorisinde ise lise \u00f6\u011frencileri yar\u0131\u015facak. Eserlerin son teslim tarihi 1 Eyl\u00fcl Pazartesi g\u00fcn\u00fc mesai bitimi olarak belirlendi. Ba\u015fvurular Vali Yaz\u0131c\u0131o\u011flu K\u00fclt\u00fcr Merkezi\u2019ne elden ya da kargoyla yap\u0131labilecek. Yar\u0131\u015fma sonu\u00e7lar\u0131 4 Eyl\u00fcl\u2019de www.ayd\u0131n.bel.tr adresinden a\u00e7\u0131klanacak.<\/p>\n<p>Ba\u015fkan \u00c7er\u00e7io\u011flu, t\u00fcm gen\u00e7leri yar\u0131\u015fmaya kat\u0131larak Ayd\u0131n\u2019\u0131n d\u00fc\u015fman i\u015fgalinden kurtulu\u015funun y\u0131ld\u00f6n\u00fcm\u00fcn\u00fcn co\u015fkusunu ya\u015famaya davet etti.<br \/><\/p>\n","protected":false},"excerpt":{"rendered":"<p>Ayd\u0131n B\u00fcy\u00fck\u015fehir Belediye Ba\u015fkan\u0131 \u00d6zlem \u00c7er\u00e7io\u011flu, Ayd\u0131n\u2019\u0131n d\u00fc\u015fman i\u015fgalinden kurtulu\u015funun y\u0131ld\u00f6n\u00fcm\u00fcnde \u20197\u2019den 70\u2019e Kurtulu\u015f Destan\u0131 Ayd\u0131n\u2019 temal\u0131 \u00f6d\u00fcll\u00fc resim, \u015fiir ve kompozisyon yar\u0131\u015fmas\u0131yla \u00f6\u011frencileri co\u015fkuya ortak olmaya davet ediyor. Gen\u00e7lerin sanata y\u00f6nelmesini te\u015fvik eden Ayd\u0131n B\u00fcy\u00fck\u015fehir Belediyesi, bu anlaml\u0131 yar\u0131\u015fmayla farkl\u0131 ya\u015f gruplar\u0131ndaki \u00f6\u011frencilerin yeteneklerini ortaya koymas\u0131na f\u0131rsat sunacak. Resim kategorisinde anaokulu ve ilkokul, kompozisyon&#8230;<\/p>\n","protected":false},"author":1,"featured_media":46562,"comment_status":"open","ping_status":"open","sticky":false,"template":"","format":"standard","meta":{"_crdt_document":"","footnotes":""},"categories":[1],"tags":[],"class_list":["post-46561","post","type-post","status-publish","format-standard","has-post-thumbnail","hentry","category-guncel"],"_links":{"self":[{"href":"https:\/\/www.egemtv.com\/index.php?rest_route=\/wp\/v2\/posts\/46561","targetHints":{"allow":["GET"]}}],"collection":[{"href":"https:\/\/www.egemtv.com\/index.php?rest_route=\/wp\/v2\/posts"}],"about":[{"href":"https:\/\/www.egemtv.com\/index.php?rest_route=\/wp\/v2\/types\/post"}],"author":[{"embeddable":true,"href":"https:\/\/www.egemtv.com\/index.php?rest_route=\/wp\/v2\/users\/1"}],"replies":[{"embeddable":true,"href":"https:\/\/www.egemtv.com\/index.php?rest_route=%2Fwp%2Fv2%2Fcomments&post=46561"}],"version-history":[{"count":1,"href":"https:\/\/www.egemtv.com\/index.php?rest_route=\/wp\/v2\/posts\/46561\/revisions"}],"predecessor-version":[{"id":46563,"href":"https:\/\/www.egemtv.com\/index.php?rest_route=\/wp\/v2\/posts\/46561\/revisions\/46563"}],"wp:featuredmedia":[{"embeddable":true,"href":"https:\/\/www.egemtv.com\/index.php?rest_route=\/wp\/v2\/media\/46562"}],"wp:attachment":[{"href":"https:\/\/www.egemtv.com\/index.php?rest_route=%2Fwp%2Fv2%2Fmedia&parent=46561"}],"wp:term":[{"taxonomy":"category","embeddable":true,"href":"https:\/\/www.egemtv.com\/index.php?rest_route=%2Fwp%2Fv2%2Fcategories&post=46561"},{"taxonomy":"post_tag","embeddable":true,"href":"https:\/\/www.egemtv.com\/index.php?rest_route=%2Fwp%2Fv2%2Ftags&post=46561"}],"curies":[{"name":"wp","href":"https:\/\/api.w.org\/{rel}","templated":true}]}}