{"id":46558,"date":"2025-08-04T09:35:58","date_gmt":"2025-08-04T06:35:58","guid":{"rendered":"https:\/\/www.egemtv.com\/?p=46558"},"modified":"2025-08-04T09:35:58","modified_gmt":"2025-08-04T06:35:58","slug":"nazillide-7-yil-hapis-cezasi-ile-aranan-sahis-yakalandi","status":"publish","type":"post","link":"https:\/\/www.egemtv.com\/?p=46558","title":{"rendered":"Nazilli\u2019de 7 y\u0131l hapis cezas\u0131 ile aranan \u015fah\u0131s yakaland\u0131"},"content":{"rendered":"<p>Ayd\u0131n\u2019\u0131n Nazilli il\u00e7esinde jandarma ekipleri taraf\u0131ndan hakk\u0131nda 7 y\u0131l 15 g\u00fcn hapis cezas\u0131 bulunan \u015fah\u0131s d\u00fczenlenen operasyon ile yakaland\u0131.<br \/>\n<br \/>Nazilli \u0130l\u00e7e Jandarma Komutanl\u0131\u011f\u0131 JASAT ve Merkez Jandarma Karakol Komutanl\u0131\u011f\u0131nca aranan bir \u015fahs\u0131n yakalanmas\u0131na y\u00f6nelik kapsaml\u0131 \u00e7al\u0131\u015fma ba\u015flat\u0131ld\u0131. &#8220;\u0130nfaz Kurumuna Yasak E\u015fya Sokmak&#8221; su\u00e7undan aranan ve hakk\u0131nda 7 y\u0131l 15 g\u00fcn kesinle\u015fmi\u015f hapis cezas\u0131 bulunan M.\u00c7. (E-37) isimli \u015fah\u0131s Nazilli Esenk\u00f6y Mahallesi\u2019nde operasyon ile yakaland\u0131. \u015eah\u0131s, adli makamlarca tutuklanmas\u0131na m\u00fcteakip Ceza \u0130nfaz Kurumu\u2019na teslim edildi.<br \/><\/p>\n","protected":false},"excerpt":{"rendered":"<p>Ayd\u0131n\u2019\u0131n Nazilli il\u00e7esinde jandarma ekipleri taraf\u0131ndan hakk\u0131nda 7 y\u0131l 15 g\u00fcn hapis cezas\u0131 bulunan \u015fah\u0131s d\u00fczenlenen operasyon ile yakaland\u0131. Nazilli \u0130l\u00e7e Jandarma Komutanl\u0131\u011f\u0131 JASAT ve Merkez Jandarma Karakol Komutanl\u0131\u011f\u0131nca aranan bir \u015fahs\u0131n yakalanmas\u0131na y\u00f6nelik kapsaml\u0131 \u00e7al\u0131\u015fma ba\u015flat\u0131ld\u0131. &#8220;\u0130nfaz Kurumuna Yasak E\u015fya Sokmak&#8221; su\u00e7undan aranan ve hakk\u0131nda 7 y\u0131l 15 g\u00fcn kesinle\u015fmi\u015f hapis cezas\u0131 bulunan M.\u00c7&#8230;.<\/p>\n","protected":false},"author":1,"featured_media":46559,"comment_status":"open","ping_status":"open","sticky":false,"template":"","format":"standard","meta":{"_crdt_document":"","footnotes":""},"categories":[5],"tags":[],"class_list":["post-46558","post","type-post","status-publish","format-standard","has-post-thumbnail","hentry","category-asayis"],"_links":{"self":[{"href":"https:\/\/www.egemtv.com\/index.php?rest_route=\/wp\/v2\/posts\/46558","targetHints":{"allow":["GET"]}}],"collection":[{"href":"https:\/\/www.egemtv.com\/index.php?rest_route=\/wp\/v2\/posts"}],"about":[{"href":"https:\/\/www.egemtv.com\/index.php?rest_route=\/wp\/v2\/types\/post"}],"author":[{"embeddable":true,"href":"https:\/\/www.egemtv.com\/index.php?rest_route=\/wp\/v2\/users\/1"}],"replies":[{"embeddable":true,"href":"https:\/\/www.egemtv.com\/index.php?rest_route=%2Fwp%2Fv2%2Fcomments&post=46558"}],"version-history":[{"count":1,"href":"https:\/\/www.egemtv.com\/index.php?rest_route=\/wp\/v2\/posts\/46558\/revisions"}],"predecessor-version":[{"id":46560,"href":"https:\/\/www.egemtv.com\/index.php?rest_route=\/wp\/v2\/posts\/46558\/revisions\/46560"}],"wp:featuredmedia":[{"embeddable":true,"href":"https:\/\/www.egemtv.com\/index.php?rest_route=\/wp\/v2\/media\/46559"}],"wp:attachment":[{"href":"https:\/\/www.egemtv.com\/index.php?rest_route=%2Fwp%2Fv2%2Fmedia&parent=46558"}],"wp:term":[{"taxonomy":"category","embeddable":true,"href":"https:\/\/www.egemtv.com\/index.php?rest_route=%2Fwp%2Fv2%2Fcategories&post=46558"},{"taxonomy":"post_tag","embeddable":true,"href":"https:\/\/www.egemtv.com\/index.php?rest_route=%2Fwp%2Fv2%2Ftags&post=46558"}],"curies":[{"name":"wp","href":"https:\/\/api.w.org\/{rel}","templated":true}]}}