{"id":46552,"date":"2025-08-04T09:35:55","date_gmt":"2025-08-04T06:35:55","guid":{"rendered":"https:\/\/www.egemtv.com\/?p=46552"},"modified":"2025-08-04T09:35:56","modified_gmt":"2025-08-04T06:35:56","slug":"jandarma-esnaflari-uyardi","status":"publish","type":"post","link":"https:\/\/www.egemtv.com\/?p=46552","title":{"rendered":"Jandarma esnaflar\u0131 uyard\u0131"},"content":{"rendered":"<p>Ayd\u0131n\u2019\u0131n Efeler il\u00e7esinde esnaflara sahtecilik ve h\u0131rs\u0131zl\u0131k konular\u0131nda uyar\u0131larda bulundu.<\/p>\n<p>Efeler \u0130l\u00e7e Jandarma Komutanl\u0131\u011f\u0131nca Efeler Dalama Mahallesi\u2019nde kurulan semt pazar\u0131nda \u00f6nleyici asayi\u015f uygulamas\u0131 yap\u0131larak esnaflara parada sahtecilik, h\u0131rs\u0131zl\u0131k ve benzeri olaylarda kullan\u0131lan taktik ve teknikler ile \u00f6rnek olaylar hakk\u0131nda bilgilendirme yap\u0131ld\u0131. Meydana gelebilecek bu t\u00fcr olaylar hakk\u0131nda hemen 112 Acil \u00c7a\u011fr\u0131 Merkezine bilgi verilmesi talep edildi.<br \/><\/p>\n","protected":false},"excerpt":{"rendered":"<p>Ayd\u0131n\u2019\u0131n Efeler il\u00e7esinde esnaflara sahtecilik ve h\u0131rs\u0131zl\u0131k konular\u0131nda uyar\u0131larda bulundu. Efeler \u0130l\u00e7e Jandarma Komutanl\u0131\u011f\u0131nca Efeler Dalama Mahallesi\u2019nde kurulan semt pazar\u0131nda \u00f6nleyici asayi\u015f uygulamas\u0131 yap\u0131larak esnaflara parada sahtecilik, h\u0131rs\u0131zl\u0131k ve benzeri olaylarda kullan\u0131lan taktik ve teknikler ile \u00f6rnek olaylar hakk\u0131nda bilgilendirme yap\u0131ld\u0131. Meydana gelebilecek bu t\u00fcr olaylar hakk\u0131nda hemen 112 Acil \u00c7a\u011fr\u0131 Merkezine bilgi verilmesi talep&#8230;<\/p>\n","protected":false},"author":1,"featured_media":46553,"comment_status":"open","ping_status":"open","sticky":false,"template":"","format":"standard","meta":{"_crdt_document":"","footnotes":""},"categories":[1],"tags":[],"class_list":["post-46552","post","type-post","status-publish","format-standard","has-post-thumbnail","hentry","category-guncel"],"_links":{"self":[{"href":"https:\/\/www.egemtv.com\/index.php?rest_route=\/wp\/v2\/posts\/46552","targetHints":{"allow":["GET"]}}],"collection":[{"href":"https:\/\/www.egemtv.com\/index.php?rest_route=\/wp\/v2\/posts"}],"about":[{"href":"https:\/\/www.egemtv.com\/index.php?rest_route=\/wp\/v2\/types\/post"}],"author":[{"embeddable":true,"href":"https:\/\/www.egemtv.com\/index.php?rest_route=\/wp\/v2\/users\/1"}],"replies":[{"embeddable":true,"href":"https:\/\/www.egemtv.com\/index.php?rest_route=%2Fwp%2Fv2%2Fcomments&post=46552"}],"version-history":[{"count":1,"href":"https:\/\/www.egemtv.com\/index.php?rest_route=\/wp\/v2\/posts\/46552\/revisions"}],"predecessor-version":[{"id":46554,"href":"https:\/\/www.egemtv.com\/index.php?rest_route=\/wp\/v2\/posts\/46552\/revisions\/46554"}],"wp:featuredmedia":[{"embeddable":true,"href":"https:\/\/www.egemtv.com\/index.php?rest_route=\/wp\/v2\/media\/46553"}],"wp:attachment":[{"href":"https:\/\/www.egemtv.com\/index.php?rest_route=%2Fwp%2Fv2%2Fmedia&parent=46552"}],"wp:term":[{"taxonomy":"category","embeddable":true,"href":"https:\/\/www.egemtv.com\/index.php?rest_route=%2Fwp%2Fv2%2Fcategories&post=46552"},{"taxonomy":"post_tag","embeddable":true,"href":"https:\/\/www.egemtv.com\/index.php?rest_route=%2Fwp%2Fv2%2Ftags&post=46552"}],"curies":[{"name":"wp","href":"https:\/\/api.w.org\/{rel}","templated":true}]}}