{"id":46549,"date":"2025-08-04T09:15:17","date_gmt":"2025-08-04T06:15:17","guid":{"rendered":"https:\/\/www.egemtv.com\/?p=46549"},"modified":"2025-08-04T09:15:18","modified_gmt":"2025-08-04T06:15:18","slug":"kusadasinda-vatandaslar-orman-yanginlarina-karsi-bilgilendirildi","status":"publish","type":"post","link":"https:\/\/www.egemtv.com\/?p=46549","title":{"rendered":"Ku\u015fadas\u0131\u2019nda vatanda\u015flar orman yang\u0131nlar\u0131na kar\u015f\u0131 bilgilendirildi"},"content":{"rendered":"<p>Ayd\u0131n\u2019\u0131n Ku\u015fadas\u0131 il\u00e7esinde jandarma taraf\u0131ndan vatanda\u015flara orman yang\u0131nlar\u0131 konusunda bilgilendirmede bulunuldu.<\/p>\n<p>Ayd\u0131n \u0130l Jandarma Komutanl\u0131\u011f\u0131 \u00c7evre, Do\u011fa ve Hayvanlar\u0131 Koruma Timi taraf\u0131ndan Ku\u015fadas\u0131 il\u00e7esinde orman yang\u0131nlar\u0131n\u0131n \u00f6nlenmesi ve \u00e7evre kirlili\u011fi konularda kamuoyunu bilin\u00e7lendirmek amac\u0131yla bilgilendirme faaliyetleri devam ediyor. Faaliyet kapsam\u0131nda &#8220;Her \u015eey Elimizde&#8221; mottosuyla, \u00e7evre ve do\u011fa bilinci olu\u015fturulmas\u0131 hedeflendi. &#8220;Ormanl\u0131k Alanlarda Dikkat Edilmesi Gereken Kurallar&#8221; ba\u015fl\u0131kl\u0131 bro\u015f\u00fcrler da\u011f\u0131t\u0131ld\u0131. Ormanl\u0131k alanlara izinsiz giri\u015f, ate\u015fli piknik, sigara izmariti b\u0131rakma, cam\/k\u0131r\u0131k at\u0131k at\u0131lmas\u0131 gibi yang\u0131na sebep olabilecek unsurlar hakk\u0131nda bilgilendirme yap\u0131ld\u0131. Denetim, kontrol ve bilgilendirme faaliyetlerinin aral\u0131ks\u0131z devam edece\u011fi \u00f6\u011frenildi.<br \/><\/p>\n","protected":false},"excerpt":{"rendered":"<p>Ayd\u0131n\u2019\u0131n Ku\u015fadas\u0131 il\u00e7esinde jandarma taraf\u0131ndan vatanda\u015flara orman yang\u0131nlar\u0131 konusunda bilgilendirmede bulunuldu. Ayd\u0131n \u0130l Jandarma Komutanl\u0131\u011f\u0131 \u00c7evre, Do\u011fa ve Hayvanlar\u0131 Koruma Timi taraf\u0131ndan Ku\u015fadas\u0131 il\u00e7esinde orman yang\u0131nlar\u0131n\u0131n \u00f6nlenmesi ve \u00e7evre kirlili\u011fi konularda kamuoyunu bilin\u00e7lendirmek amac\u0131yla bilgilendirme faaliyetleri devam ediyor. Faaliyet kapsam\u0131nda &#8220;Her \u015eey Elimizde&#8221; mottosuyla, \u00e7evre ve do\u011fa bilinci olu\u015fturulmas\u0131 hedeflendi. &#8220;Ormanl\u0131k Alanlarda Dikkat Edilmesi Gereken&#8230;<\/p>\n","protected":false},"author":1,"featured_media":46550,"comment_status":"open","ping_status":"open","sticky":false,"template":"","format":"standard","meta":{"_crdt_document":"","footnotes":""},"categories":[1],"tags":[],"class_list":["post-46549","post","type-post","status-publish","format-standard","has-post-thumbnail","hentry","category-guncel"],"_links":{"self":[{"href":"https:\/\/www.egemtv.com\/index.php?rest_route=\/wp\/v2\/posts\/46549","targetHints":{"allow":["GET"]}}],"collection":[{"href":"https:\/\/www.egemtv.com\/index.php?rest_route=\/wp\/v2\/posts"}],"about":[{"href":"https:\/\/www.egemtv.com\/index.php?rest_route=\/wp\/v2\/types\/post"}],"author":[{"embeddable":true,"href":"https:\/\/www.egemtv.com\/index.php?rest_route=\/wp\/v2\/users\/1"}],"replies":[{"embeddable":true,"href":"https:\/\/www.egemtv.com\/index.php?rest_route=%2Fwp%2Fv2%2Fcomments&post=46549"}],"version-history":[{"count":1,"href":"https:\/\/www.egemtv.com\/index.php?rest_route=\/wp\/v2\/posts\/46549\/revisions"}],"predecessor-version":[{"id":46551,"href":"https:\/\/www.egemtv.com\/index.php?rest_route=\/wp\/v2\/posts\/46549\/revisions\/46551"}],"wp:featuredmedia":[{"embeddable":true,"href":"https:\/\/www.egemtv.com\/index.php?rest_route=\/wp\/v2\/media\/46550"}],"wp:attachment":[{"href":"https:\/\/www.egemtv.com\/index.php?rest_route=%2Fwp%2Fv2%2Fmedia&parent=46549"}],"wp:term":[{"taxonomy":"category","embeddable":true,"href":"https:\/\/www.egemtv.com\/index.php?rest_route=%2Fwp%2Fv2%2Fcategories&post=46549"},{"taxonomy":"post_tag","embeddable":true,"href":"https:\/\/www.egemtv.com\/index.php?rest_route=%2Fwp%2Fv2%2Ftags&post=46549"}],"curies":[{"name":"wp","href":"https:\/\/api.w.org\/{rel}","templated":true}]}}