{"id":46546,"date":"2025-08-03T22:55:21","date_gmt":"2025-08-03T19:55:21","guid":{"rendered":"https:\/\/www.egemtv.com\/?p=46546"},"modified":"2025-08-03T22:55:22","modified_gmt":"2025-08-03T19:55:22","slug":"aydin-amator-sporunun-sembol-ismi-yogun-bakimda","status":"publish","type":"post","link":"https:\/\/www.egemtv.com\/?p=46546","title":{"rendered":"Ayd\u0131n amat\u00f6r sporunun sembol ismi yo\u011fun bak\u0131mda"},"content":{"rendered":"<p>Ayd\u0131n amat\u00f6r sporunun geli\u015fmesinde b\u00fcy\u00fck emekleri olan Ayd\u0131n Amat\u00f6r Spor Kul\u00fcpleri Federasyonu (ASKF) kurucular\u0131ndan 80 ya\u015f\u0131ndaki Mustafa Kemerli, ge\u00e7irdi\u011fi beyin kanamas\u0131 sonras\u0131 hastaneye kald\u0131r\u0131ld\u0131. Ayd\u0131n Devlet Hastanesi\u2019nde tedavisi s\u00fcren Kemerli\u2019nin sa\u011fl\u0131k durumu ciddiyetini koruyor.<\/p>\n<p>ASKF eski y\u00f6neticilerinden Mahmut Y\u00f6r\u00fck, Kemerli\u2019yi tedavi g\u00f6rd\u00fc\u011f\u00fc hastanede ziyaret etti. Y\u00f6r\u00fck, do\u011fu\u015ftan engelli olan Kemerli\u2019nin son d\u00f6nemde sa\u011fl\u0131k sorunlar\u0131 nedeniyle evden \u00e7\u0131kamad\u0131\u011f\u0131n\u0131 s\u00f6yledi. Kemerli\u2019nin Ayd\u0131n\u2019da amat\u00f6r spora b\u00fcy\u00fck katk\u0131lar sa\u011flad\u0131\u011f\u0131n\u0131 vurgulayan Mahmut Y\u00f6r\u00fck, &#8220;Mustafa Kemerli, Ayd\u0131n\u2019da amat\u00f6r sporun emek\u00e7ilerindendir. 10 y\u0131l boyunca ASKF Tertip Komitesi\u2019nde ben, Kenan Duman ve Kemerli birlikte g\u00f6rev yapt\u0131k. ASKF binas\u0131n\u0131n al\u0131nmas\u0131nda da b\u00fcy\u00fck eme\u011fi vard\u0131r. Ayr\u0131ca \u0130ncirliovaspor\u2019da genel kaptanl\u0131k ve y\u00f6neticilik g\u00f6revlerinde bulundu. Sa\u011fl\u0131\u011f\u0131na kavu\u015fmas\u0131 i\u00e7in dua ediyoruz&#8221; ifadelerini kulland\u0131. \u00d6te yandan, Ayd\u0131n spor camias\u0131 ve t\u00fcm sevenleri Mustafa Kemerli\u2019nin bir an \u00f6nce sa\u011fl\u0131\u011f\u0131na kavu\u015fmas\u0131n\u0131 temenni ediyor.<br \/><\/p>\n","protected":false},"excerpt":{"rendered":"<p>Ayd\u0131n amat\u00f6r sporunun geli\u015fmesinde b\u00fcy\u00fck emekleri olan Ayd\u0131n Amat\u00f6r Spor Kul\u00fcpleri Federasyonu (ASKF) kurucular\u0131ndan 80 ya\u015f\u0131ndaki Mustafa Kemerli, ge\u00e7irdi\u011fi beyin kanamas\u0131 sonras\u0131 hastaneye kald\u0131r\u0131ld\u0131. Ayd\u0131n Devlet Hastanesi\u2019nde tedavisi s\u00fcren Kemerli\u2019nin sa\u011fl\u0131k durumu ciddiyetini koruyor. ASKF eski y\u00f6neticilerinden Mahmut Y\u00f6r\u00fck, Kemerli\u2019yi tedavi g\u00f6rd\u00fc\u011f\u00fc hastanede ziyaret etti. Y\u00f6r\u00fck, do\u011fu\u015ftan engelli olan Kemerli\u2019nin son d\u00f6nemde sa\u011fl\u0131k sorunlar\u0131 nedeniyle&#8230;<\/p>\n","protected":false},"author":1,"featured_media":46547,"comment_status":"open","ping_status":"open","sticky":false,"template":"","format":"standard","meta":{"_crdt_document":"","footnotes":""},"categories":[4],"tags":[],"class_list":["post-46546","post","type-post","status-publish","format-standard","has-post-thumbnail","hentry","category-spor"],"_links":{"self":[{"href":"https:\/\/www.egemtv.com\/index.php?rest_route=\/wp\/v2\/posts\/46546","targetHints":{"allow":["GET"]}}],"collection":[{"href":"https:\/\/www.egemtv.com\/index.php?rest_route=\/wp\/v2\/posts"}],"about":[{"href":"https:\/\/www.egemtv.com\/index.php?rest_route=\/wp\/v2\/types\/post"}],"author":[{"embeddable":true,"href":"https:\/\/www.egemtv.com\/index.php?rest_route=\/wp\/v2\/users\/1"}],"replies":[{"embeddable":true,"href":"https:\/\/www.egemtv.com\/index.php?rest_route=%2Fwp%2Fv2%2Fcomments&post=46546"}],"version-history":[{"count":1,"href":"https:\/\/www.egemtv.com\/index.php?rest_route=\/wp\/v2\/posts\/46546\/revisions"}],"predecessor-version":[{"id":46548,"href":"https:\/\/www.egemtv.com\/index.php?rest_route=\/wp\/v2\/posts\/46546\/revisions\/46548"}],"wp:featuredmedia":[{"embeddable":true,"href":"https:\/\/www.egemtv.com\/index.php?rest_route=\/wp\/v2\/media\/46547"}],"wp:attachment":[{"href":"https:\/\/www.egemtv.com\/index.php?rest_route=%2Fwp%2Fv2%2Fmedia&parent=46546"}],"wp:term":[{"taxonomy":"category","embeddable":true,"href":"https:\/\/www.egemtv.com\/index.php?rest_route=%2Fwp%2Fv2%2Fcategories&post=46546"},{"taxonomy":"post_tag","embeddable":true,"href":"https:\/\/www.egemtv.com\/index.php?rest_route=%2Fwp%2Fv2%2Ftags&post=46546"}],"curies":[{"name":"wp","href":"https:\/\/api.w.org\/{rel}","templated":true}]}}