{"id":46540,"date":"2025-08-03T21:54:39","date_gmt":"2025-08-03T18:54:39","guid":{"rendered":"https:\/\/www.egemtv.com\/?p=46540"},"modified":"2025-08-03T21:54:40","modified_gmt":"2025-08-03T18:54:40","slug":"yildirim-yangini-sonduruldu","status":"publish","type":"post","link":"https:\/\/www.egemtv.com\/?p=46540","title":{"rendered":"Y\u0131ld\u0131r\u0131m yang\u0131n\u0131 s\u00f6nd\u00fcr\u00fcld\u00fc"},"content":{"rendered":"<p>Mu\u011fla\u2019n\u0131n Marmaris il\u00e7esinde y\u0131ld\u0131r\u0131m kaynakl\u0131 \u00e7\u0131kan orman yang\u0131n\u0131 ekiplerin zaman\u0131nda m\u00fcdahalesi ile kontrol alt\u0131na al\u0131nd\u0131.<br \/>\n<br \/>Marmaris Yalanc\u0131bo\u011faz mevkisinde \u00e7am a\u011fac\u0131na y\u0131ld\u0131r\u0131m d\u00fc\u015fmesi sonras\u0131 yang\u0131n ba\u015flad\u0131. B\u00f6lgeye Mu\u011fla orman B\u00f6lge M\u00fcd\u00fcrl\u00fc\u011f\u00fc araz\u00f6z ekipleri sevk edildi. Araz\u00f6z ekiplerinin m\u00fcdahalesi sonras\u0131 yang\u0131n kontrol alt\u0131na al\u0131nd\u0131.<br \/>\n<br \/>Yanan sahada orman ya\u011f\u0131n ekipleri taraf\u0131ndan so\u011futma \u00e7al\u0131\u015fmas\u0131 yap\u0131ld\u0131.<br \/><\/p>\n","protected":false},"excerpt":{"rendered":"<p>Mu\u011fla\u2019n\u0131n Marmaris il\u00e7esinde y\u0131ld\u0131r\u0131m kaynakl\u0131 \u00e7\u0131kan orman yang\u0131n\u0131 ekiplerin zaman\u0131nda m\u00fcdahalesi ile kontrol alt\u0131na al\u0131nd\u0131. Marmaris Yalanc\u0131bo\u011faz mevkisinde \u00e7am a\u011fac\u0131na y\u0131ld\u0131r\u0131m d\u00fc\u015fmesi sonras\u0131 yang\u0131n ba\u015flad\u0131. B\u00f6lgeye Mu\u011fla orman B\u00f6lge M\u00fcd\u00fcrl\u00fc\u011f\u00fc araz\u00f6z ekipleri sevk edildi. Araz\u00f6z ekiplerinin m\u00fcdahalesi sonras\u0131 yang\u0131n kontrol alt\u0131na al\u0131nd\u0131. Yanan sahada orman ya\u011f\u0131n ekipleri taraf\u0131ndan so\u011futma \u00e7al\u0131\u015fmas\u0131 yap\u0131ld\u0131.<\/p>\n","protected":false},"author":1,"featured_media":46541,"comment_status":"open","ping_status":"open","sticky":false,"template":"","format":"standard","meta":{"_crdt_document":"","footnotes":""},"categories":[5],"tags":[],"class_list":["post-46540","post","type-post","status-publish","format-standard","has-post-thumbnail","hentry","category-asayis"],"_links":{"self":[{"href":"https:\/\/www.egemtv.com\/index.php?rest_route=\/wp\/v2\/posts\/46540","targetHints":{"allow":["GET"]}}],"collection":[{"href":"https:\/\/www.egemtv.com\/index.php?rest_route=\/wp\/v2\/posts"}],"about":[{"href":"https:\/\/www.egemtv.com\/index.php?rest_route=\/wp\/v2\/types\/post"}],"author":[{"embeddable":true,"href":"https:\/\/www.egemtv.com\/index.php?rest_route=\/wp\/v2\/users\/1"}],"replies":[{"embeddable":true,"href":"https:\/\/www.egemtv.com\/index.php?rest_route=%2Fwp%2Fv2%2Fcomments&post=46540"}],"version-history":[{"count":1,"href":"https:\/\/www.egemtv.com\/index.php?rest_route=\/wp\/v2\/posts\/46540\/revisions"}],"predecessor-version":[{"id":46542,"href":"https:\/\/www.egemtv.com\/index.php?rest_route=\/wp\/v2\/posts\/46540\/revisions\/46542"}],"wp:featuredmedia":[{"embeddable":true,"href":"https:\/\/www.egemtv.com\/index.php?rest_route=\/wp\/v2\/media\/46541"}],"wp:attachment":[{"href":"https:\/\/www.egemtv.com\/index.php?rest_route=%2Fwp%2Fv2%2Fmedia&parent=46540"}],"wp:term":[{"taxonomy":"category","embeddable":true,"href":"https:\/\/www.egemtv.com\/index.php?rest_route=%2Fwp%2Fv2%2Fcategories&post=46540"},{"taxonomy":"post_tag","embeddable":true,"href":"https:\/\/www.egemtv.com\/index.php?rest_route=%2Fwp%2Fv2%2Ftags&post=46540"}],"curies":[{"name":"wp","href":"https:\/\/api.w.org\/{rel}","templated":true}]}}