{"id":46537,"date":"2025-08-03T21:14:59","date_gmt":"2025-08-03T18:14:59","guid":{"rendered":"https:\/\/www.egemtv.com\/?p=46537"},"modified":"2025-08-03T21:14:59","modified_gmt":"2025-08-03T18:14:59","slug":"kutahyada-arazi-yangininda-7-ari-kovani-kul-oldu","status":"publish","type":"post","link":"https:\/\/www.egemtv.com\/?p=46537","title":{"rendered":"K\u00fctahya\u2019da arazi yang\u0131n\u0131nda 7 ar\u0131 kovan\u0131 k\u00fcl oldu"},"content":{"rendered":"<p>K\u00fctahya\u2019n\u0131n Emet il\u00e7esinde bo\u015f arazide \u00e7\u0131kan yang\u0131nda 7 ar\u0131 kovan\u0131 k\u00fcle d\u00f6nd\u00fc.<br \/>\n<br \/>Edinilen bilgiye g\u00f6re, Akp\u0131nar Mahallesi\u2019nde camiile futbol sahas\u0131 aras\u0131nda ar\u0131 kovanlar\u0131n\u0131n da bulundu\u011fu bo\u015f arazide yang\u0131n \u00e7\u0131kt\u0131. Yang\u0131n, ihbar \u00fczerine b\u00f6lgeye gelen Emet Belediyesi itfaiye ekipleri taraf\u0131ndan k\u0131sa s\u00fcrede s\u00f6nd\u00fcr\u00fcld\u00fc. Piknik t\u00fcp\u00fcnden \u00e7\u0131kt\u0131\u011f\u0131 tahmin edilen yang\u0131nda ekipler taraf\u0131ndan onlarca ar\u0131 kovan\u0131 kurtar\u0131l\u0131rken, 7 ar\u0131 kovan\u0131 k\u00fcle d\u00f6nd\u00fc.<br \/>\n<br \/>Yang\u0131n mahallinde bulunan ar\u0131 kovanlar\u0131 ve piknik t\u00fcp\u00fcn\u00fcn kime ait oldu\u011fu ara\u015ft\u0131r\u0131l\u0131yor.<br \/><\/p>\n","protected":false},"excerpt":{"rendered":"<p>K\u00fctahya\u2019n\u0131n Emet il\u00e7esinde bo\u015f arazide \u00e7\u0131kan yang\u0131nda 7 ar\u0131 kovan\u0131 k\u00fcle d\u00f6nd\u00fc. Edinilen bilgiye g\u00f6re, Akp\u0131nar Mahallesi\u2019nde camiile futbol sahas\u0131 aras\u0131nda ar\u0131 kovanlar\u0131n\u0131n da bulundu\u011fu bo\u015f arazide yang\u0131n \u00e7\u0131kt\u0131. Yang\u0131n, ihbar \u00fczerine b\u00f6lgeye gelen Emet Belediyesi itfaiye ekipleri taraf\u0131ndan k\u0131sa s\u00fcrede s\u00f6nd\u00fcr\u00fcld\u00fc. Piknik t\u00fcp\u00fcnden \u00e7\u0131kt\u0131\u011f\u0131 tahmin edilen yang\u0131nda ekipler taraf\u0131ndan onlarca ar\u0131 kovan\u0131 kurtar\u0131l\u0131rken, 7&#8230;<\/p>\n","protected":false},"author":1,"featured_media":46538,"comment_status":"open","ping_status":"open","sticky":false,"template":"","format":"standard","meta":{"_crdt_document":"","footnotes":""},"categories":[5],"tags":[],"class_list":["post-46537","post","type-post","status-publish","format-standard","has-post-thumbnail","hentry","category-asayis"],"_links":{"self":[{"href":"https:\/\/www.egemtv.com\/index.php?rest_route=\/wp\/v2\/posts\/46537","targetHints":{"allow":["GET"]}}],"collection":[{"href":"https:\/\/www.egemtv.com\/index.php?rest_route=\/wp\/v2\/posts"}],"about":[{"href":"https:\/\/www.egemtv.com\/index.php?rest_route=\/wp\/v2\/types\/post"}],"author":[{"embeddable":true,"href":"https:\/\/www.egemtv.com\/index.php?rest_route=\/wp\/v2\/users\/1"}],"replies":[{"embeddable":true,"href":"https:\/\/www.egemtv.com\/index.php?rest_route=%2Fwp%2Fv2%2Fcomments&post=46537"}],"version-history":[{"count":1,"href":"https:\/\/www.egemtv.com\/index.php?rest_route=\/wp\/v2\/posts\/46537\/revisions"}],"predecessor-version":[{"id":46539,"href":"https:\/\/www.egemtv.com\/index.php?rest_route=\/wp\/v2\/posts\/46537\/revisions\/46539"}],"wp:featuredmedia":[{"embeddable":true,"href":"https:\/\/www.egemtv.com\/index.php?rest_route=\/wp\/v2\/media\/46538"}],"wp:attachment":[{"href":"https:\/\/www.egemtv.com\/index.php?rest_route=%2Fwp%2Fv2%2Fmedia&parent=46537"}],"wp:term":[{"taxonomy":"category","embeddable":true,"href":"https:\/\/www.egemtv.com\/index.php?rest_route=%2Fwp%2Fv2%2Fcategories&post=46537"},{"taxonomy":"post_tag","embeddable":true,"href":"https:\/\/www.egemtv.com\/index.php?rest_route=%2Fwp%2Fv2%2Ftags&post=46537"}],"curies":[{"name":"wp","href":"https:\/\/api.w.org\/{rel}","templated":true}]}}