{"id":46534,"date":"2025-08-03T20:56:00","date_gmt":"2025-08-03T17:56:00","guid":{"rendered":"https:\/\/www.egemtv.com\/?p=46534"},"modified":"2025-08-03T20:56:01","modified_gmt":"2025-08-03T17:56:01","slug":"manisada-2-kisinin-oldugu-kazada-otobus-surucusu-tutuklandi","status":"publish","type":"post","link":"https:\/\/www.egemtv.com\/?p=46534","title":{"rendered":"Manisa\u2019da 2 ki\u015finin \u00f6ld\u00fc\u011f\u00fc kazada otob\u00fcs s\u00fcr\u00fcc\u00fcs\u00fc tutukland\u0131"},"content":{"rendered":"<p>Manisa\u2019n\u0131n Kula il\u00e7esinde 2 ki\u015finin hayat\u0131n\u0131 kaybetti\u011fi, 1 ki\u015finin de a\u011f\u0131r yaraland\u0131\u011f\u0131 trafik kazas\u0131nda g\u00f6zalt\u0131na al\u0131nan yolcu otob\u00fcs\u00fcn\u00fcn s\u00fcr\u00fcc\u00fcs\u00fc, \u00e7\u0131kar\u0131ld\u0131\u011f\u0131 mahkemece tutukland\u0131.<br \/>\n<br \/>Kaza, ge\u00e7ti\u011fimiz g\u00fcn saat 17.00 s\u0131ralar\u0131nda Sanayi Kav\u015fa\u011f\u0131\u2019nda meydana geldi. Edinilen bilgilere g\u00f6re, Ayakkab\u0131c\u0131lar Sitesi y\u00f6n\u00fcnden Sanayi Sitesi istikametine ge\u00e7meye \u00e7al\u0131\u015fan Arif \u00d6zt\u00fcrk y\u00f6netimindeki 45 U 3063 plakal\u0131 otomobile, U\u015fak\u2019tan \u0130zmir y\u00f6n\u00fcne seyreden Ali G. idaresindeki 07 CAF 757 plakal\u0131 yolcu otob\u00fcs\u00fc \u00e7arpt\u0131. Kazada otomobilde bulunan s\u00fcr\u00fcc\u00fc Arif \u00d6zt\u00fcrk, e\u015fi Ay\u015fe \u00d6zt\u00fcrk ve akrabalar\u0131 Ay\u015fe K. a\u011f\u0131r yaraland\u0131. Olay yerine sevk edilen sa\u011fl\u0131k ekiplerinin yapt\u0131\u011f\u0131 m\u00fcdahaleye ra\u011fmen Arif \u00d6zt\u00fcrk ve e\u015fi Ay\u015fe \u00d6zt\u00fcrk hastanede ya\u015fam\u0131n\u0131 yitirdi. A\u011f\u0131r yaralanan Ay\u015fe K.\u2019nin ise tedavisi Manisa Celal Bayar E\u011fitim ve Ara\u015ft\u0131rma Hastanesi\u2019nde s\u00fcr\u00fcyor.<br \/>\n<br \/>Kazan\u0131n ard\u0131ndan g\u00f6zalt\u0131na al\u0131nan otob\u00fcs \u015fof\u00f6r\u00fc Ali G., Kula \u0130l\u00e7e Emniyet M\u00fcd\u00fcrl\u00fc\u011f\u00fc\u2019ndeki i\u015flemlerin ard\u0131ndan adliyeye sevk edildi. Hakim kar\u015f\u0131s\u0131na \u00e7\u0131kar\u0131lan Ali G., &#8220;taksirle birden fazla ki\u015finin \u00f6l\u00fcm\u00fcne ve yaralanmas\u0131na neden olma&#8221; su\u00e7undan tutuklanarak cezaevine g\u00f6nderildi.<br \/>\n<br \/>Hayat\u0131n\u0131 kaybeden Arif \u00d6zt\u00fcrk ve e\u015fi Ay\u015fe \u00d6zt\u00fcrk ise, \u015eah S\u00fcleyman Camii\u2019nde k\u0131l\u0131nan cenaze namaz\u0131n\u0131n ard\u0131ndan topra\u011fa verildi. G\u00f6zya\u015flar\u0131 i\u00e7inde k\u0131l\u0131nan cenaze namaz\u0131n\u0131 Arif \u00d6zt\u00fcrk\u2019\u00fcn imam olan karde\u015fi Ali \u00d6zt\u00fcrk k\u0131ld\u0131rd\u0131. Cenazeler, dualar e\u015fli\u011finde topra\u011fa verildi.<br \/><\/p>\n","protected":false},"excerpt":{"rendered":"<p>Manisa\u2019n\u0131n Kula il\u00e7esinde 2 ki\u015finin hayat\u0131n\u0131 kaybetti\u011fi, 1 ki\u015finin de a\u011f\u0131r yaraland\u0131\u011f\u0131 trafik kazas\u0131nda g\u00f6zalt\u0131na al\u0131nan yolcu otob\u00fcs\u00fcn\u00fcn s\u00fcr\u00fcc\u00fcs\u00fc, \u00e7\u0131kar\u0131ld\u0131\u011f\u0131 mahkemece tutukland\u0131. Kaza, ge\u00e7ti\u011fimiz g\u00fcn saat 17.00 s\u0131ralar\u0131nda Sanayi Kav\u015fa\u011f\u0131\u2019nda meydana geldi. Edinilen bilgilere g\u00f6re, Ayakkab\u0131c\u0131lar Sitesi y\u00f6n\u00fcnden Sanayi Sitesi istikametine ge\u00e7meye \u00e7al\u0131\u015fan Arif \u00d6zt\u00fcrk y\u00f6netimindeki 45 U 3063 plakal\u0131 otomobile, U\u015fak\u2019tan \u0130zmir y\u00f6n\u00fcne seyreden&#8230;<\/p>\n","protected":false},"author":1,"featured_media":46535,"comment_status":"open","ping_status":"open","sticky":false,"template":"","format":"standard","meta":{"_crdt_document":"","footnotes":""},"categories":[5],"tags":[],"class_list":["post-46534","post","type-post","status-publish","format-standard","has-post-thumbnail","hentry","category-asayis"],"_links":{"self":[{"href":"https:\/\/www.egemtv.com\/index.php?rest_route=\/wp\/v2\/posts\/46534","targetHints":{"allow":["GET"]}}],"collection":[{"href":"https:\/\/www.egemtv.com\/index.php?rest_route=\/wp\/v2\/posts"}],"about":[{"href":"https:\/\/www.egemtv.com\/index.php?rest_route=\/wp\/v2\/types\/post"}],"author":[{"embeddable":true,"href":"https:\/\/www.egemtv.com\/index.php?rest_route=\/wp\/v2\/users\/1"}],"replies":[{"embeddable":true,"href":"https:\/\/www.egemtv.com\/index.php?rest_route=%2Fwp%2Fv2%2Fcomments&post=46534"}],"version-history":[{"count":1,"href":"https:\/\/www.egemtv.com\/index.php?rest_route=\/wp\/v2\/posts\/46534\/revisions"}],"predecessor-version":[{"id":46536,"href":"https:\/\/www.egemtv.com\/index.php?rest_route=\/wp\/v2\/posts\/46534\/revisions\/46536"}],"wp:featuredmedia":[{"embeddable":true,"href":"https:\/\/www.egemtv.com\/index.php?rest_route=\/wp\/v2\/media\/46535"}],"wp:attachment":[{"href":"https:\/\/www.egemtv.com\/index.php?rest_route=%2Fwp%2Fv2%2Fmedia&parent=46534"}],"wp:term":[{"taxonomy":"category","embeddable":true,"href":"https:\/\/www.egemtv.com\/index.php?rest_route=%2Fwp%2Fv2%2Fcategories&post=46534"},{"taxonomy":"post_tag","embeddable":true,"href":"https:\/\/www.egemtv.com\/index.php?rest_route=%2Fwp%2Fv2%2Ftags&post=46534"}],"curies":[{"name":"wp","href":"https:\/\/api.w.org\/{rel}","templated":true}]}}