{"id":46531,"date":"2025-08-03T20:35:25","date_gmt":"2025-08-03T17:35:25","guid":{"rendered":"https:\/\/www.egemtv.com\/?p=46531"},"modified":"2025-08-03T20:35:26","modified_gmt":"2025-08-03T17:35:26","slug":"goztepede-david-tijanic-al-najmaha-transfer-oldu","status":"publish","type":"post","link":"https:\/\/www.egemtv.com\/?p=46531","title":{"rendered":"G\u00f6ztepe\u2019de David Tijanic, Al-Najmah\u2019a transfer oldu"},"content":{"rendered":"<p>G\u00f6ztepe, David Tijanic\u2019le yollar\u0131n\u0131n ayr\u0131ld\u0131\u011f\u0131n\u0131 resmi sosyal medya hesaplar\u0131ndan duyurdu.<br \/>\n<br \/>Trendyol S\u00fcper Lig ekiplerinden G\u00f6ztepe, David Tijanic\u2019le yollar\u0131n\u0131n ayr\u0131ld\u0131\u011f\u0131n\u0131 duyurdu. Konuyla ilgili kul\u00fcpten yap\u0131lan a\u00e7\u0131klamada, &#8220;Oyuncumuz David Tijanic\u2019in, Suudi Arabistan kul\u00fcb\u00fc Al-Najmah\u2019a kesin transferi konusunda anla\u015fma sa\u011flanm\u0131\u015ft\u0131r. David Tijanic\u2019e kul\u00fcb\u00fcm\u00fcze verdi\u011fi emekler i\u00e7in te\u015fekk\u00fcr ediyor, yeni tak\u0131m\u0131nda ve futbol kariyerinin geri kalan\u0131nda ba\u015far\u0131lar diliyoruz&#8221; ifadelerine yer verildi.<br \/>\n<br \/>David Tijanic, G\u00f6ztepe formas\u0131yla 111 ma\u00e7a \u00e7\u0131karken, 16 gol ve 13 asist kaydetmeyi ba\u015fard\u0131.<br \/><\/p>\n","protected":false},"excerpt":{"rendered":"<p>G\u00f6ztepe, David Tijanic\u2019le yollar\u0131n\u0131n ayr\u0131ld\u0131\u011f\u0131n\u0131 resmi sosyal medya hesaplar\u0131ndan duyurdu. Trendyol S\u00fcper Lig ekiplerinden G\u00f6ztepe, David Tijanic\u2019le yollar\u0131n\u0131n ayr\u0131ld\u0131\u011f\u0131n\u0131 duyurdu. Konuyla ilgili kul\u00fcpten yap\u0131lan a\u00e7\u0131klamada, &#8220;Oyuncumuz David Tijanic\u2019in, Suudi Arabistan kul\u00fcb\u00fc Al-Najmah\u2019a kesin transferi konusunda anla\u015fma sa\u011flanm\u0131\u015ft\u0131r. David Tijanic\u2019e kul\u00fcb\u00fcm\u00fcze verdi\u011fi emekler i\u00e7in te\u015fekk\u00fcr ediyor, yeni tak\u0131m\u0131nda ve futbol kariyerinin geri kalan\u0131nda ba\u015far\u0131lar diliyoruz&#8221; ifadelerine&#8230;<\/p>\n","protected":false},"author":1,"featured_media":46532,"comment_status":"open","ping_status":"open","sticky":false,"template":"","format":"standard","meta":{"_crdt_document":"","footnotes":""},"categories":[4],"tags":[],"class_list":["post-46531","post","type-post","status-publish","format-standard","has-post-thumbnail","hentry","category-spor"],"_links":{"self":[{"href":"https:\/\/www.egemtv.com\/index.php?rest_route=\/wp\/v2\/posts\/46531","targetHints":{"allow":["GET"]}}],"collection":[{"href":"https:\/\/www.egemtv.com\/index.php?rest_route=\/wp\/v2\/posts"}],"about":[{"href":"https:\/\/www.egemtv.com\/index.php?rest_route=\/wp\/v2\/types\/post"}],"author":[{"embeddable":true,"href":"https:\/\/www.egemtv.com\/index.php?rest_route=\/wp\/v2\/users\/1"}],"replies":[{"embeddable":true,"href":"https:\/\/www.egemtv.com\/index.php?rest_route=%2Fwp%2Fv2%2Fcomments&post=46531"}],"version-history":[{"count":1,"href":"https:\/\/www.egemtv.com\/index.php?rest_route=\/wp\/v2\/posts\/46531\/revisions"}],"predecessor-version":[{"id":46533,"href":"https:\/\/www.egemtv.com\/index.php?rest_route=\/wp\/v2\/posts\/46531\/revisions\/46533"}],"wp:featuredmedia":[{"embeddable":true,"href":"https:\/\/www.egemtv.com\/index.php?rest_route=\/wp\/v2\/media\/46532"}],"wp:attachment":[{"href":"https:\/\/www.egemtv.com\/index.php?rest_route=%2Fwp%2Fv2%2Fmedia&parent=46531"}],"wp:term":[{"taxonomy":"category","embeddable":true,"href":"https:\/\/www.egemtv.com\/index.php?rest_route=%2Fwp%2Fv2%2Fcategories&post=46531"},{"taxonomy":"post_tag","embeddable":true,"href":"https:\/\/www.egemtv.com\/index.php?rest_route=%2Fwp%2Fv2%2Ftags&post=46531"}],"curies":[{"name":"wp","href":"https:\/\/api.w.org\/{rel}","templated":true}]}}