{"id":46528,"date":"2025-08-03T19:54:48","date_gmt":"2025-08-03T16:54:48","guid":{"rendered":"https:\/\/www.egemtv.com\/?p=46528"},"modified":"2025-08-03T19:54:49","modified_gmt":"2025-08-03T16:54:49","slug":"akhisarli-bisikletciler-turkiye-sampiyonasinda-goz-doldurdu","status":"publish","type":"post","link":"https:\/\/www.egemtv.com\/?p=46528","title":{"rendered":"Akhisarl\u0131 bisiklet\u00e7iler T\u00fcrkiye \u015eampiyonas\u0131nda g\u00f6z doldurdu"},"content":{"rendered":"<p>Erzurum\u2019da 01-03 A\u011fustos tarihleri aras\u0131nda d\u00fczenlenen Davut Berber T\u00fcrkiye Da\u011f Bisikleti \u015eampiyonas\u0131\u2019na kat\u0131lan Akhisar \u0130l\u00e7e Spor Kul\u00fcb\u00fc sporcular\u0131, farkl\u0131 kategorilerde elde ettikleri derecelerle dikkat \u00e7ekti.<br \/>\n<br \/>\u015eampiyonada U15 Kad\u0131nlar kategorisinde yar\u0131\u015fan \u0130lknur Bu\u011flem Karata\u015f, T\u00fcrkiye 4\u2019\u00fcnc\u00fcs\u00fc olarak \u00f6nemli bir ba\u015far\u0131ya imza att\u0131. U13 Kad\u0131nlar kategorisinde ise Hilal Kaymaz birincilik k\u00fcrs\u00fcs\u00fcne \u00e7\u0131karken, Miray Akcan 4\u2019\u00fcnc\u00fc, Meryem Karata\u015f ise 5\u2019inci oldu. U11 Kad\u0131nlar kategorisinde yar\u0131\u015fan Melisa Ate\u015f ise birincili\u011fi elde ederek alt\u0131n madalya kazand\u0131.<br \/>\n<br \/>Akhisar \u0130l\u00e7e Spor Kul\u00fcb\u00fc sporcular\u0131n\u0131n T\u00fcrkiye genelindeki bu ba\u015far\u0131lar\u0131, il\u00e7ede b\u00fcy\u00fck sevin\u00e7le kar\u015f\u0131land\u0131. Sporcular\u0131 ve antren\u00f6rlerini tebrik eden kul\u00fcp yetkilileri, gelecek yar\u0131\u015flarda daha b\u00fcy\u00fck ba\u015far\u0131lar hedeflediklerini ifade etti.<br \/><\/p>\n","protected":false},"excerpt":{"rendered":"<p>Erzurum\u2019da 01-03 A\u011fustos tarihleri aras\u0131nda d\u00fczenlenen Davut Berber T\u00fcrkiye Da\u011f Bisikleti \u015eampiyonas\u0131\u2019na kat\u0131lan Akhisar \u0130l\u00e7e Spor Kul\u00fcb\u00fc sporcular\u0131, farkl\u0131 kategorilerde elde ettikleri derecelerle dikkat \u00e7ekti. \u015eampiyonada U15 Kad\u0131nlar kategorisinde yar\u0131\u015fan \u0130lknur Bu\u011flem Karata\u015f, T\u00fcrkiye 4\u2019\u00fcnc\u00fcs\u00fc olarak \u00f6nemli bir ba\u015far\u0131ya imza att\u0131. U13 Kad\u0131nlar kategorisinde ise Hilal Kaymaz birincilik k\u00fcrs\u00fcs\u00fcne \u00e7\u0131karken, Miray Akcan 4\u2019\u00fcnc\u00fc, Meryem Karata\u015f&#8230;<\/p>\n","protected":false},"author":1,"featured_media":46529,"comment_status":"open","ping_status":"open","sticky":false,"template":"","format":"standard","meta":{"_crdt_document":"","footnotes":""},"categories":[4],"tags":[],"class_list":["post-46528","post","type-post","status-publish","format-standard","has-post-thumbnail","hentry","category-spor"],"_links":{"self":[{"href":"https:\/\/www.egemtv.com\/index.php?rest_route=\/wp\/v2\/posts\/46528","targetHints":{"allow":["GET"]}}],"collection":[{"href":"https:\/\/www.egemtv.com\/index.php?rest_route=\/wp\/v2\/posts"}],"about":[{"href":"https:\/\/www.egemtv.com\/index.php?rest_route=\/wp\/v2\/types\/post"}],"author":[{"embeddable":true,"href":"https:\/\/www.egemtv.com\/index.php?rest_route=\/wp\/v2\/users\/1"}],"replies":[{"embeddable":true,"href":"https:\/\/www.egemtv.com\/index.php?rest_route=%2Fwp%2Fv2%2Fcomments&post=46528"}],"version-history":[{"count":1,"href":"https:\/\/www.egemtv.com\/index.php?rest_route=\/wp\/v2\/posts\/46528\/revisions"}],"predecessor-version":[{"id":46530,"href":"https:\/\/www.egemtv.com\/index.php?rest_route=\/wp\/v2\/posts\/46528\/revisions\/46530"}],"wp:featuredmedia":[{"embeddable":true,"href":"https:\/\/www.egemtv.com\/index.php?rest_route=\/wp\/v2\/media\/46529"}],"wp:attachment":[{"href":"https:\/\/www.egemtv.com\/index.php?rest_route=%2Fwp%2Fv2%2Fmedia&parent=46528"}],"wp:term":[{"taxonomy":"category","embeddable":true,"href":"https:\/\/www.egemtv.com\/index.php?rest_route=%2Fwp%2Fv2%2Fcategories&post=46528"},{"taxonomy":"post_tag","embeddable":true,"href":"https:\/\/www.egemtv.com\/index.php?rest_route=%2Fwp%2Fv2%2Ftags&post=46528"}],"curies":[{"name":"wp","href":"https:\/\/api.w.org\/{rel}","templated":true}]}}