{"id":46525,"date":"2025-08-03T18:54:54","date_gmt":"2025-08-03T15:54:54","guid":{"rendered":"https:\/\/www.egemtv.com\/?p=46525"},"modified":"2025-08-03T18:54:55","modified_gmt":"2025-08-03T15:54:55","slug":"kusadasinda-yeni-saglik-kompleksi-hizmete-giriyor","status":"publish","type":"post","link":"https:\/\/www.egemtv.com\/?p=46525","title":{"rendered":"Ku\u015fadas\u0131\u2019nda yeni sa\u011fl\u0131k kompleksi hizmete giriyor"},"content":{"rendered":"<p>Ayd\u0131n\u2019\u0131n Ku\u015fadas\u0131 il\u00e7esinde sa\u011fl\u0131k hizmetlerinin kalitesini art\u0131rmak amac\u0131yla yap\u0131m\u0131 tamamlanan yeni sa\u011fl\u0131k hizmet binas\u0131, 4 A\u011fustos Pazartesi g\u00fcn\u00fc hizmete a\u00e7\u0131l\u0131yor.<\/p>\n<p>Ayd\u0131n Valilisi Yakup Canbolat taraf\u0131ndan yap\u0131lan a\u00e7\u0131klamada, Ku\u015fadas\u0131 \u0130l\u00e7e Sa\u011fl\u0131k M\u00fcd\u00fcrl\u00fc\u011f\u00fc, Aile Sa\u011fl\u0131\u011f\u0131 Merkezi, Sa\u011fl\u0131kl\u0131 Hayat Merkezi ve 112 Acil Sa\u011fl\u0131k Hizmetleri \u0130stasyonu\u2019nu i\u00e7eren yeni hizmet binas\u0131n\u0131n ayn\u0131 \u00e7at\u0131 alt\u0131nda vatanda\u015flara sa\u011fl\u0131k hizmeti sunaca\u011f\u0131 belirtildi. A\u00e7\u0131klamada, &#8220;Ku\u015fadas\u0131 \u0130l\u00e7e Sa\u011fl\u0131k M\u00fcd\u00fcrl\u00fc\u011f\u00fc, Aile Sa\u011fl\u0131\u011f\u0131 Merkezi, Sa\u011fl\u0131kl\u0131 Hayat Merkezi ve 112 Acil Sa\u011fl\u0131k Hizmetleri \u0130stasyonunu i\u00e7eren yeni hizmet binas\u0131n\u0131 4 A\u011fustos Pazartesi g\u00fcn\u00fc hizmete a\u00e7\u0131yoruz. Ayd\u0131n\u2019\u0131m\u0131za hay\u0131rl\u0131 hizmetlere vesile olsun&#8221; ifadelerine yer verildi.<\/p>\n<p>Yeni sa\u011fl\u0131k kompleksi ile birlikte il\u00e7ede sunulan sa\u011fl\u0131k hizmetlerinin daha koordineli ve etkin \u015fekilde y\u00fcr\u00fct\u00fclmesi hedefleniyor.<br \/><\/p>\n","protected":false},"excerpt":{"rendered":"<p>Ayd\u0131n\u2019\u0131n Ku\u015fadas\u0131 il\u00e7esinde sa\u011fl\u0131k hizmetlerinin kalitesini art\u0131rmak amac\u0131yla yap\u0131m\u0131 tamamlanan yeni sa\u011fl\u0131k hizmet binas\u0131, 4 A\u011fustos Pazartesi g\u00fcn\u00fc hizmete a\u00e7\u0131l\u0131yor. Ayd\u0131n Valilisi Yakup Canbolat taraf\u0131ndan yap\u0131lan a\u00e7\u0131klamada, Ku\u015fadas\u0131 \u0130l\u00e7e Sa\u011fl\u0131k M\u00fcd\u00fcrl\u00fc\u011f\u00fc, Aile Sa\u011fl\u0131\u011f\u0131 Merkezi, Sa\u011fl\u0131kl\u0131 Hayat Merkezi ve 112 Acil Sa\u011fl\u0131k Hizmetleri \u0130stasyonu\u2019nu i\u00e7eren yeni hizmet binas\u0131n\u0131n ayn\u0131 \u00e7at\u0131 alt\u0131nda vatanda\u015flara sa\u011fl\u0131k hizmeti sunaca\u011f\u0131 belirtildi&#8230;.<\/p>\n","protected":false},"author":1,"featured_media":46526,"comment_status":"open","ping_status":"open","sticky":false,"template":"","format":"standard","meta":{"_crdt_document":"","footnotes":""},"categories":[1],"tags":[],"class_list":["post-46525","post","type-post","status-publish","format-standard","has-post-thumbnail","hentry","category-guncel"],"_links":{"self":[{"href":"https:\/\/www.egemtv.com\/index.php?rest_route=\/wp\/v2\/posts\/46525","targetHints":{"allow":["GET"]}}],"collection":[{"href":"https:\/\/www.egemtv.com\/index.php?rest_route=\/wp\/v2\/posts"}],"about":[{"href":"https:\/\/www.egemtv.com\/index.php?rest_route=\/wp\/v2\/types\/post"}],"author":[{"embeddable":true,"href":"https:\/\/www.egemtv.com\/index.php?rest_route=\/wp\/v2\/users\/1"}],"replies":[{"embeddable":true,"href":"https:\/\/www.egemtv.com\/index.php?rest_route=%2Fwp%2Fv2%2Fcomments&post=46525"}],"version-history":[{"count":1,"href":"https:\/\/www.egemtv.com\/index.php?rest_route=\/wp\/v2\/posts\/46525\/revisions"}],"predecessor-version":[{"id":46527,"href":"https:\/\/www.egemtv.com\/index.php?rest_route=\/wp\/v2\/posts\/46525\/revisions\/46527"}],"wp:featuredmedia":[{"embeddable":true,"href":"https:\/\/www.egemtv.com\/index.php?rest_route=\/wp\/v2\/media\/46526"}],"wp:attachment":[{"href":"https:\/\/www.egemtv.com\/index.php?rest_route=%2Fwp%2Fv2%2Fmedia&parent=46525"}],"wp:term":[{"taxonomy":"category","embeddable":true,"href":"https:\/\/www.egemtv.com\/index.php?rest_route=%2Fwp%2Fv2%2Fcategories&post=46525"},{"taxonomy":"post_tag","embeddable":true,"href":"https:\/\/www.egemtv.com\/index.php?rest_route=%2Fwp%2Fv2%2Ftags&post=46525"}],"curies":[{"name":"wp","href":"https:\/\/api.w.org\/{rel}","templated":true}]}}