{"id":46522,"date":"2025-08-03T18:34:33","date_gmt":"2025-08-03T15:34:33","guid":{"rendered":"https:\/\/www.egemtv.com\/?p=46522"},"modified":"2025-08-03T18:34:34","modified_gmt":"2025-08-03T15:34:34","slug":"izmirde-kati-atik-merkezinde-yangin-panigi","status":"publish","type":"post","link":"https:\/\/www.egemtv.com\/?p=46522","title":{"rendered":"\u0130zmir\u2019de kat\u0131 at\u0131k merkezinde yang\u0131n pani\u011fi"},"content":{"rendered":"<p>\u0130zmir\u2019in Buca il\u00e7esinde kat\u0131 at\u0131k toplama merkezinde yang\u0131n \u00e7\u0131kt\u0131.<br \/>\n<br \/>Yang\u0131n, Mustafa Kemal Mahallesi\u2019nde bulunan kat\u0131 at\u0131k toplama merkezinde meydana geldi. Hen\u00fcz belirlenemeyen bir nedenle depolanan at\u0131klar\u0131n tutu\u015fmas\u0131yla ba\u015flayan yang\u0131n k\u0131sa s\u00fcrede b\u00fcy\u00fcd\u00fc. Y\u00fckselen siyah dumanlar g\u00f6ky\u00fcz\u00fcn\u00fc kaplarken, kent merkezinin bir\u00e7ok noktas\u0131ndan g\u00f6r\u00fcld\u00fc. Ge\u00e7ti\u011fimiz aylarda orman yang\u0131n\u0131na neden olan ayn\u0131 b\u00f6lgede meydana gelen yang\u0131n pani\u011fe yol a\u00e7t\u0131. \u00c7evredeki vatanda\u015flar\u0131n ihbar\u0131 \u00fczerine olay yerine \u00e7ok say\u0131da itfaiye ve polis ekibi sevk edildi. Ekiplerin m\u00fcdahalesiyle yang\u0131n kontrol alt\u0131na al\u0131nd\u0131. So\u011futma \u00e7al\u0131\u015fmalar\u0131 s\u00fcrerken, yang\u0131n\u0131n \u00e7\u0131k\u0131\u015f nedeniyle ilgili inceleme ba\u015flat\u0131ld\u0131.<br \/><\/p>\n","protected":false},"excerpt":{"rendered":"<p>\u0130zmir\u2019in Buca il\u00e7esinde kat\u0131 at\u0131k toplama merkezinde yang\u0131n \u00e7\u0131kt\u0131. Yang\u0131n, Mustafa Kemal Mahallesi\u2019nde bulunan kat\u0131 at\u0131k toplama merkezinde meydana geldi. Hen\u00fcz belirlenemeyen bir nedenle depolanan at\u0131klar\u0131n tutu\u015fmas\u0131yla ba\u015flayan yang\u0131n k\u0131sa s\u00fcrede b\u00fcy\u00fcd\u00fc. Y\u00fckselen siyah dumanlar g\u00f6ky\u00fcz\u00fcn\u00fc kaplarken, kent merkezinin bir\u00e7ok noktas\u0131ndan g\u00f6r\u00fcld\u00fc. Ge\u00e7ti\u011fimiz aylarda orman yang\u0131n\u0131na neden olan ayn\u0131 b\u00f6lgede meydana gelen yang\u0131n pani\u011fe yol&#8230;<\/p>\n","protected":false},"author":1,"featured_media":46523,"comment_status":"open","ping_status":"open","sticky":false,"template":"","format":"standard","meta":{"_crdt_document":"","footnotes":""},"categories":[5],"tags":[],"class_list":["post-46522","post","type-post","status-publish","format-standard","has-post-thumbnail","hentry","category-asayis"],"_links":{"self":[{"href":"https:\/\/www.egemtv.com\/index.php?rest_route=\/wp\/v2\/posts\/46522","targetHints":{"allow":["GET"]}}],"collection":[{"href":"https:\/\/www.egemtv.com\/index.php?rest_route=\/wp\/v2\/posts"}],"about":[{"href":"https:\/\/www.egemtv.com\/index.php?rest_route=\/wp\/v2\/types\/post"}],"author":[{"embeddable":true,"href":"https:\/\/www.egemtv.com\/index.php?rest_route=\/wp\/v2\/users\/1"}],"replies":[{"embeddable":true,"href":"https:\/\/www.egemtv.com\/index.php?rest_route=%2Fwp%2Fv2%2Fcomments&post=46522"}],"version-history":[{"count":1,"href":"https:\/\/www.egemtv.com\/index.php?rest_route=\/wp\/v2\/posts\/46522\/revisions"}],"predecessor-version":[{"id":46524,"href":"https:\/\/www.egemtv.com\/index.php?rest_route=\/wp\/v2\/posts\/46522\/revisions\/46524"}],"wp:featuredmedia":[{"embeddable":true,"href":"https:\/\/www.egemtv.com\/index.php?rest_route=\/wp\/v2\/media\/46523"}],"wp:attachment":[{"href":"https:\/\/www.egemtv.com\/index.php?rest_route=%2Fwp%2Fv2%2Fmedia&parent=46522"}],"wp:term":[{"taxonomy":"category","embeddable":true,"href":"https:\/\/www.egemtv.com\/index.php?rest_route=%2Fwp%2Fv2%2Fcategories&post=46522"},{"taxonomy":"post_tag","embeddable":true,"href":"https:\/\/www.egemtv.com\/index.php?rest_route=%2Fwp%2Fv2%2Ftags&post=46522"}],"curies":[{"name":"wp","href":"https:\/\/api.w.org\/{rel}","templated":true}]}}