{"id":46519,"date":"2025-08-03T16:55:23","date_gmt":"2025-08-03T13:55:23","guid":{"rendered":"https:\/\/www.egemtv.com\/?p=46519"},"modified":"2025-08-03T16:55:24","modified_gmt":"2025-08-03T13:55:24","slug":"goztepe-caykur-rizespor-macinin-hazirliklarina-basladi","status":"publish","type":"post","link":"https:\/\/www.egemtv.com\/?p=46519","title":{"rendered":"G\u00f6ztepe, \u00c7aykur Rizespor ma\u00e7\u0131n\u0131n haz\u0131rl\u0131klar\u0131na ba\u015flad\u0131"},"content":{"rendered":"<p>G\u00f6ztepe, Trendyol S\u00fcper Lig\u2019in a\u00e7\u0131l\u0131\u015f haftas\u0131nda 10 A\u011fustos Pazar g\u00fcn\u00fc deplasmanda kar\u015f\u0131la\u015faca\u011f\u0131 \u00c7aykur Rizespor ma\u00e7\u0131n\u0131n haz\u0131rl\u0131klar\u0131na ba\u015flad\u0131.<br \/>\n<br \/>Adnan S\u00fcvari Tesisleri\u2019nde Teknik Direkt\u00f6r Stanimir Stoilov y\u00f6netiminde yap\u0131lan antrenman\u0131n ilk b\u00f6l\u00fcm\u00fcnde oyuncular\u0131n bir b\u00f6l\u00fcm\u00fc rejenerasyon \u00e7al\u0131\u015fmas\u0131 yaparken, di\u011fer grup ise pas, sprint ko\u015fusu ve dar alanda oyun ger\u00e7ekle\u015ftirdi.<br \/>\n<br \/>B\u00f6ylece sar\u0131-k\u0131rm\u0131z\u0131l\u0131lar, Trendyol S\u00fcper Lig\u2019in a\u00e7\u0131l\u0131\u015f haftas\u0131nda 10 A\u011fustos Pazar g\u00fcn\u00fc deplasmanda kar\u015f\u0131la\u015faca\u011f\u0131 \u00c7aykur Rizespor ma\u00e7\u0131n\u0131n start\u0131n\u0131 vermi\u015f oldu.<br \/><\/p>\n","protected":false},"excerpt":{"rendered":"<p>G\u00f6ztepe, Trendyol S\u00fcper Lig\u2019in a\u00e7\u0131l\u0131\u015f haftas\u0131nda 10 A\u011fustos Pazar g\u00fcn\u00fc deplasmanda kar\u015f\u0131la\u015faca\u011f\u0131 \u00c7aykur Rizespor ma\u00e7\u0131n\u0131n haz\u0131rl\u0131klar\u0131na ba\u015flad\u0131. Adnan S\u00fcvari Tesisleri\u2019nde Teknik Direkt\u00f6r Stanimir Stoilov y\u00f6netiminde yap\u0131lan antrenman\u0131n ilk b\u00f6l\u00fcm\u00fcnde oyuncular\u0131n bir b\u00f6l\u00fcm\u00fc rejenerasyon \u00e7al\u0131\u015fmas\u0131 yaparken, di\u011fer grup ise pas, sprint ko\u015fusu ve dar alanda oyun ger\u00e7ekle\u015ftirdi. B\u00f6ylece sar\u0131-k\u0131rm\u0131z\u0131l\u0131lar, Trendyol S\u00fcper Lig\u2019in a\u00e7\u0131l\u0131\u015f haftas\u0131nda 10 A\u011fustos&#8230;<\/p>\n","protected":false},"author":1,"featured_media":46520,"comment_status":"open","ping_status":"open","sticky":false,"template":"","format":"standard","meta":{"_crdt_document":"","footnotes":""},"categories":[4],"tags":[],"class_list":["post-46519","post","type-post","status-publish","format-standard","has-post-thumbnail","hentry","category-spor"],"_links":{"self":[{"href":"https:\/\/www.egemtv.com\/index.php?rest_route=\/wp\/v2\/posts\/46519","targetHints":{"allow":["GET"]}}],"collection":[{"href":"https:\/\/www.egemtv.com\/index.php?rest_route=\/wp\/v2\/posts"}],"about":[{"href":"https:\/\/www.egemtv.com\/index.php?rest_route=\/wp\/v2\/types\/post"}],"author":[{"embeddable":true,"href":"https:\/\/www.egemtv.com\/index.php?rest_route=\/wp\/v2\/users\/1"}],"replies":[{"embeddable":true,"href":"https:\/\/www.egemtv.com\/index.php?rest_route=%2Fwp%2Fv2%2Fcomments&post=46519"}],"version-history":[{"count":1,"href":"https:\/\/www.egemtv.com\/index.php?rest_route=\/wp\/v2\/posts\/46519\/revisions"}],"predecessor-version":[{"id":46521,"href":"https:\/\/www.egemtv.com\/index.php?rest_route=\/wp\/v2\/posts\/46519\/revisions\/46521"}],"wp:featuredmedia":[{"embeddable":true,"href":"https:\/\/www.egemtv.com\/index.php?rest_route=\/wp\/v2\/media\/46520"}],"wp:attachment":[{"href":"https:\/\/www.egemtv.com\/index.php?rest_route=%2Fwp%2Fv2%2Fmedia&parent=46519"}],"wp:term":[{"taxonomy":"category","embeddable":true,"href":"https:\/\/www.egemtv.com\/index.php?rest_route=%2Fwp%2Fv2%2Fcategories&post=46519"},{"taxonomy":"post_tag","embeddable":true,"href":"https:\/\/www.egemtv.com\/index.php?rest_route=%2Fwp%2Fv2%2Ftags&post=46519"}],"curies":[{"name":"wp","href":"https:\/\/api.w.org\/{rel}","templated":true}]}}