{"id":46516,"date":"2025-08-03T16:55:23","date_gmt":"2025-08-03T13:55:23","guid":{"rendered":"https:\/\/www.egemtv.com\/?p=46516"},"modified":"2025-08-03T16:55:23","modified_gmt":"2025-08-03T13:55:23","slug":"manisada-destek-afad-gonullulerine-kimlik-kartlari-teslim-edildi","status":"publish","type":"post","link":"https:\/\/www.egemtv.com\/?p=46516","title":{"rendered":"Manisa\u2019da Destek AFAD G\u00f6n\u00fcll\u00fclerine kimlik kartlar\u0131 teslim edildi"},"content":{"rendered":"<p>Manisa \u0130l Afet ve Acil Durum (AFAD) M\u00fcd\u00fcrl\u00fc\u011f\u00fc koordinesinde g\u00f6rev yapan Destek AFAD G\u00f6n\u00fcll\u00fclerine kimlik kartlar\u0131 t\u00f6renle teslim edildi. Kurum binas\u0131nda ger\u00e7ekle\u015ftirilen t\u00f6rene Manisa AFAD \u0130l M\u00fcd\u00fcr\u00fc Osman P\u0131ht\u0131l\u0131, AFAD g\u00f6n\u00fcll\u00fcleri ve kurum personeli kat\u0131ld\u0131.<br \/>\n<br \/>Manisa genelinde yakla\u015f\u0131k 900 ki\u015filik g\u00f6n\u00fcll\u00fc havuzunun par\u00e7as\u0131 olan 50 Destek AFAD G\u00f6n\u00fcll\u00fcs\u00fc, kimlik kartlar\u0131n\u0131 AFAD \u0130l M\u00fcd\u00fcr\u00fc Osman P\u0131ht\u0131l\u0131\u2019n\u0131n elinden ald\u0131.<\/p>\n<p>&#8220;G\u00f6n\u00fcll\u00fcl\u00fck sadece bir kart de\u011fil, bir sorumluluktur&#8221;<br \/>\n<br \/>T\u00f6rende konu\u015fan AFAD \u0130l M\u00fcd\u00fcr\u00fc Osman P\u0131ht\u0131l\u0131, g\u00f6n\u00fcll\u00fcl\u00fc\u011f\u00fcn \u00f6nemine dikkat \u00e7ekerek, &#8220;Bug\u00fcn burada sadece kimlik kartlar\u0131 de\u011fil, ayn\u0131 zamanda sorumluluk, bilin\u00e7 ve g\u00f6n\u00fcll\u00fcl\u00fck ruhu da teslim ediyoruz. G\u00f6n\u00fcll\u00fc olarak AFAD ailesinin bir par\u00e7as\u0131 olmay\u0131 se\u00e7en, \u00f6zveriyle katk\u0131 sunan t\u00fcm g\u00f6n\u00fcll\u00fclere emekleri ve kararl\u0131l\u0131klar\u0131 i\u00e7in te\u015fekk\u00fcr ediyorum. \u00c7\u0131kt\u0131\u011f\u0131n\u0131z bu anlaml\u0131 yolda ba\u015far\u0131lar dilerim.&#8221; ifadelerini kulland\u0131.<\/p>\n<p>&#8220;Afetlere diren\u00e7li toplum i\u00e7in g\u00f6n\u00fcll\u00fcl\u00fck \u015fart&#8221;<br \/>\n<br \/>Destek AFAD G\u00f6n\u00fcll\u00fclerinin afet anlar\u0131nda bilin\u00e7li ve sistemli m\u00fcdahale kapasitesine katk\u0131 sundu\u011funu vurgulayan P\u0131ht\u0131l\u0131, &#8220;Afetlere diren\u00e7li bir toplum i\u00e7in g\u00f6n\u00fcll\u00fcl\u00fc\u011f\u00fcn g\u00fcc\u00fcne inan\u0131yoruz. G\u00f6n\u00fcll\u00fcl\u00fck ruhunu ta\u015f\u0131yan, afetlere haz\u0131r ve toplumun her an yan\u0131nda olmaya g\u00f6n\u00fcl vermi\u015f de\u011ferli g\u00f6n\u00fcll\u00fclerimize, bu anlaml\u0131 g\u00fcne katk\u0131 sunan, t\u00f6rene kat\u0131l\u0131m sa\u011flayan ve aram\u0131zda olamayan t\u00fcm g\u00f6n\u00fcll\u00fclerimize te\u015fekk\u00fcr ediyor, birlikte daha g\u00fcvenli yar\u0131nlara y\u00fcr\u00fcmeye devam ediyoruz.&#8221; dedi.<br \/>\n<br \/>T\u00f6renin ard\u0131ndan g\u00f6n\u00fcll\u00fclere kimlik kartlar\u0131 ve bilgilendirici dok\u00fcmanlar da\u011f\u0131t\u0131ld\u0131.<br \/><\/p>\n","protected":false},"excerpt":{"rendered":"<p>Manisa \u0130l Afet ve Acil Durum (AFAD) M\u00fcd\u00fcrl\u00fc\u011f\u00fc koordinesinde g\u00f6rev yapan Destek AFAD G\u00f6n\u00fcll\u00fclerine kimlik kartlar\u0131 t\u00f6renle teslim edildi. Kurum binas\u0131nda ger\u00e7ekle\u015ftirilen t\u00f6rene Manisa AFAD \u0130l M\u00fcd\u00fcr\u00fc Osman P\u0131ht\u0131l\u0131, AFAD g\u00f6n\u00fcll\u00fcleri ve kurum personeli kat\u0131ld\u0131. Manisa genelinde yakla\u015f\u0131k 900 ki\u015filik g\u00f6n\u00fcll\u00fc havuzunun par\u00e7as\u0131 olan 50 Destek AFAD G\u00f6n\u00fcll\u00fcs\u00fc, kimlik kartlar\u0131n\u0131 AFAD \u0130l M\u00fcd\u00fcr\u00fc Osman P\u0131ht\u0131l\u0131\u2019n\u0131n&#8230;<\/p>\n","protected":false},"author":1,"featured_media":46517,"comment_status":"open","ping_status":"open","sticky":false,"template":"","format":"standard","meta":{"_crdt_document":"","footnotes":""},"categories":[1],"tags":[],"class_list":["post-46516","post","type-post","status-publish","format-standard","has-post-thumbnail","hentry","category-guncel"],"_links":{"self":[{"href":"https:\/\/www.egemtv.com\/index.php?rest_route=\/wp\/v2\/posts\/46516","targetHints":{"allow":["GET"]}}],"collection":[{"href":"https:\/\/www.egemtv.com\/index.php?rest_route=\/wp\/v2\/posts"}],"about":[{"href":"https:\/\/www.egemtv.com\/index.php?rest_route=\/wp\/v2\/types\/post"}],"author":[{"embeddable":true,"href":"https:\/\/www.egemtv.com\/index.php?rest_route=\/wp\/v2\/users\/1"}],"replies":[{"embeddable":true,"href":"https:\/\/www.egemtv.com\/index.php?rest_route=%2Fwp%2Fv2%2Fcomments&post=46516"}],"version-history":[{"count":1,"href":"https:\/\/www.egemtv.com\/index.php?rest_route=\/wp\/v2\/posts\/46516\/revisions"}],"predecessor-version":[{"id":46518,"href":"https:\/\/www.egemtv.com\/index.php?rest_route=\/wp\/v2\/posts\/46516\/revisions\/46518"}],"wp:featuredmedia":[{"embeddable":true,"href":"https:\/\/www.egemtv.com\/index.php?rest_route=\/wp\/v2\/media\/46517"}],"wp:attachment":[{"href":"https:\/\/www.egemtv.com\/index.php?rest_route=%2Fwp%2Fv2%2Fmedia&parent=46516"}],"wp:term":[{"taxonomy":"category","embeddable":true,"href":"https:\/\/www.egemtv.com\/index.php?rest_route=%2Fwp%2Fv2%2Fcategories&post=46516"},{"taxonomy":"post_tag","embeddable":true,"href":"https:\/\/www.egemtv.com\/index.php?rest_route=%2Fwp%2Fv2%2Ftags&post=46516"}],"curies":[{"name":"wp","href":"https:\/\/api.w.org\/{rel}","templated":true}]}}