{"id":46513,"date":"2025-08-03T16:35:15","date_gmt":"2025-08-03T13:35:15","guid":{"rendered":"https:\/\/www.egemtv.com\/?p=46513"},"modified":"2025-08-03T16:35:16","modified_gmt":"2025-08-03T13:35:16","slug":"manisa-anda-arama-kurtarma-dernegi-akreditasyon-belgesini-aldi","status":"publish","type":"post","link":"https:\/\/www.egemtv.com\/?p=46513","title":{"rendered":"Manisa ANDA Arama Kurtarma Derne\u011fi akreditasyon belgesini ald\u0131"},"content":{"rendered":"<p>Manisa ANDA Arama Kurtarma Derne\u011fi, kentsel arama ve kurtarma alan\u0131nda AFAD taraf\u0131ndan akredite edilerek \u00f6nemli bir ba\u015far\u0131ya imza att\u0131. Dernek \u00fcyelerine akreditasyon sertifikalar\u0131 ve AFAD akreditasyon armalar\u0131, d\u00fczenlenen t\u00f6renle takdim edildi.<br \/>\n<br \/>AFAD ile yap\u0131lan i\u015fbirli\u011fi protokol\u00fc kapsam\u0131nda Manisa\u2019n\u0131n arama kurtarma kapasitesine dahil edilen ANDA Arama Kurtarma Derne\u011fi\u2019nin akreditasyon sertifikas\u0131 ve armalar\u0131, \u0130l Afet ve Acil Durum (AFAD) M\u00fcd\u00fcrl\u00fc\u011f\u00fc\u2019nde ger\u00e7ekle\u015ftirilen t\u00f6rende Manisa AFAD \u0130l M\u00fcd\u00fcr\u00fc Osman P\u0131ht\u0131l\u0131 taraf\u0131ndan ekip \u00fcyelerine teslim edildi.<\/p>\n<p>&#8220;Afetlere haz\u0131r toplumun yap\u0131 ta\u015f\u0131&#8221;<br \/>\n<br \/>T\u00f6rende konu\u015fan AFAD \u0130l M\u00fcd\u00fcr\u00fc Osman P\u0131ht\u0131l\u0131, Manisa ANDA Arama Kurtarma Derne\u011fi\u2019nin AFAD Akreditasyon Sistemi kapsam\u0131nda elde etti\u011fi bu yetkinli\u011fin \u00f6nemine vurgu yaparak, &#8220;Kazand\u0131klar\u0131 akreditasyon haklar\u0131 ile afet ve acil durumlarda yetkin ve organize bir m\u00fcdahale g\u00fcc\u00fc olarak sahada yer alacak olan ANDA Manisa Derne\u011fi\u2019ne emekleri i\u00e7in te\u015fekk\u00fcr ediyoruz. Afetlere haz\u0131r toplumun olmazsa olmazlar\u0131ndan olan m\u00fcdahale ekiplerimizin say\u0131s\u0131n\u0131 AFAD akreditasyon sistemi sayesinde artt\u0131r\u0131yoruz.&#8221; ifadelerini kulland\u0131.<br \/>\n<br \/>Konu\u015fmalar\u0131n ard\u0131ndan Manisa ANDA Arama Kurtarma Derne\u011fi \u00fcyelerine AFAD akreditasyon armalar\u0131 ve sertifikalar\u0131 tek tek takdim edildi.<br \/>\n<br \/>Manisa ANDA Arama Kurtarma Derne\u011fi, bundan sonra afet ve acil durumlarda resmi olarak g\u00f6rev alabilecek ve AFAD koordinasyonunda m\u00fcdahale faaliyetlerinde bulunabilecek.<br \/><\/p>\n","protected":false},"excerpt":{"rendered":"<p>Manisa ANDA Arama Kurtarma Derne\u011fi, kentsel arama ve kurtarma alan\u0131nda AFAD taraf\u0131ndan akredite edilerek \u00f6nemli bir ba\u015far\u0131ya imza att\u0131. Dernek \u00fcyelerine akreditasyon sertifikalar\u0131 ve AFAD akreditasyon armalar\u0131, d\u00fczenlenen t\u00f6renle takdim edildi. AFAD ile yap\u0131lan i\u015fbirli\u011fi protokol\u00fc kapsam\u0131nda Manisa\u2019n\u0131n arama kurtarma kapasitesine dahil edilen ANDA Arama Kurtarma Derne\u011fi\u2019nin akreditasyon sertifikas\u0131 ve armalar\u0131, \u0130l Afet ve Acil&#8230;<\/p>\n","protected":false},"author":1,"featured_media":46514,"comment_status":"open","ping_status":"open","sticky":false,"template":"","format":"standard","meta":{"_crdt_document":"","footnotes":""},"categories":[1],"tags":[],"class_list":["post-46513","post","type-post","status-publish","format-standard","has-post-thumbnail","hentry","category-guncel"],"_links":{"self":[{"href":"https:\/\/www.egemtv.com\/index.php?rest_route=\/wp\/v2\/posts\/46513","targetHints":{"allow":["GET"]}}],"collection":[{"href":"https:\/\/www.egemtv.com\/index.php?rest_route=\/wp\/v2\/posts"}],"about":[{"href":"https:\/\/www.egemtv.com\/index.php?rest_route=\/wp\/v2\/types\/post"}],"author":[{"embeddable":true,"href":"https:\/\/www.egemtv.com\/index.php?rest_route=\/wp\/v2\/users\/1"}],"replies":[{"embeddable":true,"href":"https:\/\/www.egemtv.com\/index.php?rest_route=%2Fwp%2Fv2%2Fcomments&post=46513"}],"version-history":[{"count":1,"href":"https:\/\/www.egemtv.com\/index.php?rest_route=\/wp\/v2\/posts\/46513\/revisions"}],"predecessor-version":[{"id":46515,"href":"https:\/\/www.egemtv.com\/index.php?rest_route=\/wp\/v2\/posts\/46513\/revisions\/46515"}],"wp:featuredmedia":[{"embeddable":true,"href":"https:\/\/www.egemtv.com\/index.php?rest_route=\/wp\/v2\/media\/46514"}],"wp:attachment":[{"href":"https:\/\/www.egemtv.com\/index.php?rest_route=%2Fwp%2Fv2%2Fmedia&parent=46513"}],"wp:term":[{"taxonomy":"category","embeddable":true,"href":"https:\/\/www.egemtv.com\/index.php?rest_route=%2Fwp%2Fv2%2Fcategories&post=46513"},{"taxonomy":"post_tag","embeddable":true,"href":"https:\/\/www.egemtv.com\/index.php?rest_route=%2Fwp%2Fv2%2Ftags&post=46513"}],"curies":[{"name":"wp","href":"https:\/\/api.w.org\/{rel}","templated":true}]}}