{"id":46510,"date":"2025-08-03T16:35:14","date_gmt":"2025-08-03T13:35:14","guid":{"rendered":"https:\/\/www.egemtv.com\/?p=46510"},"modified":"2025-08-03T16:35:15","modified_gmt":"2025-08-03T13:35:15","slug":"baskan-gunel-nikahlanan-ciftin-gonlune-dokundu","status":"publish","type":"post","link":"https:\/\/www.egemtv.com\/?p=46510","title":{"rendered":"Ba\u015fkan G\u00fcnel, nikahlanan \u00e7iftin g\u00f6nl\u00fcne dokundu"},"content":{"rendered":"<p>Ku\u015fadas\u0131 Belediye Ba\u015fkan\u0131 \u00d6mer G\u00fcnel, yo\u011fun program\u0131 nedeniyle kat\u0131lamad\u0131\u011f\u0131 Sevil ve Akif Canl\u0131 \u00e7iftinin nikah t\u00f6reni sonras\u0131 yapt\u0131\u011f\u0131 anlaml\u0131 ziyaretle \u00e7ifte unutulmaz bir an\u0131 ya\u015fatt\u0131.<\/p>\n<p>Sevil Canl\u0131 nikahtan \u00f6nce sosyal medya \u00fczerinden Ba\u015fkan G\u00fcnel\u2019e ula\u015f\u0131p, en b\u00fcy\u00fck hayalinin nikah\u0131n\u0131 onun k\u0131ymas\u0131 oldu\u011funu iletti. Ba\u015fkan G\u00fcnel, bu \u00f6zel iste\u011fi program\u0131na alsa da yo\u011funlu\u011fu nedeniyle t\u00f6rende yer alamad\u0131. Ancak gen\u00e7 \u00e7ifti unutmayan Ba\u015fkan G\u00fcnel, nikah\u0131n ard\u0131ndan Canl\u0131 ailesinin evine giderek \u00e7ifte s\u00fcrpriz yapt\u0131. Ba\u015fkan \u00d6mer G\u00fcnel, \u00e7ifte \u00f6m\u00fcr boyu mutluluklar dileyerek, &#8220;Her nikah t\u00f6renine kat\u0131lamasam da kalbim sizlerle. Bu g\u00fczel anlar\u0131 birlikte payla\u015fmak beni mutlu ediyor. Ku\u015fadas\u0131\u2019nda evlenen her \u00e7ifte ve size \u00f6m\u00fcr boyu mutluluklar diliyorum&#8221; dedi.<\/p>\n<p>Ziyaretten duydu\u011fu memnuniyeti dile getiren Sevil Canl\u0131 ise duygular\u0131n\u0131 \u015fu s\u00f6zlerle ifade etti:<br \/>\n<br \/>&#8220;En b\u00fcy\u00fck hayalim ba\u015fkan\u0131m\u0131z\u0131n nik\u00e2h\u0131m\u0131 k\u0131ymas\u0131yd\u0131. Kat\u0131lamamas\u0131 beni \u00fczm\u00fc\u015ft\u00fc ama evimize kadar gelerek bu iste\u011fimi unutmad\u0131\u011f\u0131n\u0131 g\u00f6sterdi. E\u015fimle birlikte \u00e7ok duyguland\u0131k. Ku\u015fadas\u0131, \u00d6mer G\u00fcnel gibi bir ba\u015fkana sahip oldu\u011fu i\u00e7in \u00e7ok \u015fansl\u0131. O art\u0131k sadece belediye ba\u015fkan\u0131m\u0131z de\u011fil, ailemizin bir par\u00e7as\u0131. Her zaman kalbimizde olacak&#8221; diye konu\u015ftu.<br \/><\/p>\n","protected":false},"excerpt":{"rendered":"<p>Ku\u015fadas\u0131 Belediye Ba\u015fkan\u0131 \u00d6mer G\u00fcnel, yo\u011fun program\u0131 nedeniyle kat\u0131lamad\u0131\u011f\u0131 Sevil ve Akif Canl\u0131 \u00e7iftinin nikah t\u00f6reni sonras\u0131 yapt\u0131\u011f\u0131 anlaml\u0131 ziyaretle \u00e7ifte unutulmaz bir an\u0131 ya\u015fatt\u0131. Sevil Canl\u0131 nikahtan \u00f6nce sosyal medya \u00fczerinden Ba\u015fkan G\u00fcnel\u2019e ula\u015f\u0131p, en b\u00fcy\u00fck hayalinin nikah\u0131n\u0131 onun k\u0131ymas\u0131 oldu\u011funu iletti. Ba\u015fkan G\u00fcnel, bu \u00f6zel iste\u011fi program\u0131na alsa da yo\u011funlu\u011fu nedeniyle t\u00f6rende yer&#8230;<\/p>\n","protected":false},"author":1,"featured_media":46511,"comment_status":"open","ping_status":"open","sticky":false,"template":"","format":"standard","meta":{"_crdt_document":"","footnotes":""},"categories":[123],"tags":[],"class_list":["post-46510","post","type-post","status-publish","format-standard","has-post-thumbnail","hentry","category-gundem"],"_links":{"self":[{"href":"https:\/\/www.egemtv.com\/index.php?rest_route=\/wp\/v2\/posts\/46510","targetHints":{"allow":["GET"]}}],"collection":[{"href":"https:\/\/www.egemtv.com\/index.php?rest_route=\/wp\/v2\/posts"}],"about":[{"href":"https:\/\/www.egemtv.com\/index.php?rest_route=\/wp\/v2\/types\/post"}],"author":[{"embeddable":true,"href":"https:\/\/www.egemtv.com\/index.php?rest_route=\/wp\/v2\/users\/1"}],"replies":[{"embeddable":true,"href":"https:\/\/www.egemtv.com\/index.php?rest_route=%2Fwp%2Fv2%2Fcomments&post=46510"}],"version-history":[{"count":1,"href":"https:\/\/www.egemtv.com\/index.php?rest_route=\/wp\/v2\/posts\/46510\/revisions"}],"predecessor-version":[{"id":46512,"href":"https:\/\/www.egemtv.com\/index.php?rest_route=\/wp\/v2\/posts\/46510\/revisions\/46512"}],"wp:featuredmedia":[{"embeddable":true,"href":"https:\/\/www.egemtv.com\/index.php?rest_route=\/wp\/v2\/media\/46511"}],"wp:attachment":[{"href":"https:\/\/www.egemtv.com\/index.php?rest_route=%2Fwp%2Fv2%2Fmedia&parent=46510"}],"wp:term":[{"taxonomy":"category","embeddable":true,"href":"https:\/\/www.egemtv.com\/index.php?rest_route=%2Fwp%2Fv2%2Fcategories&post=46510"},{"taxonomy":"post_tag","embeddable":true,"href":"https:\/\/www.egemtv.com\/index.php?rest_route=%2Fwp%2Fv2%2Ftags&post=46510"}],"curies":[{"name":"wp","href":"https:\/\/api.w.org\/{rel}","templated":true}]}}