{"id":46507,"date":"2025-08-03T15:54:45","date_gmt":"2025-08-03T12:54:45","guid":{"rendered":"https:\/\/www.egemtv.com\/?p=46507"},"modified":"2025-08-03T15:54:47","modified_gmt":"2025-08-03T12:54:47","slug":"bozan-koyunde-icme-suyu-sevinci","status":"publish","type":"post","link":"https:\/\/www.egemtv.com\/?p=46507","title":{"rendered":"Bozan k\u00f6y\u00fcnde i\u00e7me suyu sevinci"},"content":{"rendered":"<p>Afyonkarahisar\u2019\u0131n \u015euhut il\u00e7esine ba\u011fl\u0131 Bozan k\u00f6y\u00fcnde \u0130l \u00d6zel \u0130daresi taraf\u0131ndan uzun s\u00fcredir devam eden i\u00e7me suyu sorunu, yap\u0131lan sondaj \u00e7al\u0131\u015fmas\u0131yla \u00e7\u00f6z\u00fcme kavu\u015ftu. Ger\u00e7ekle\u015ftirilen \u00e7al\u0131\u015fma sonucunda k\u00f6y halk\u0131n\u0131n ihtiyac\u0131n\u0131 kar\u015f\u0131layacak miktarda temiz i\u00e7me suyu kayna\u011f\u0131na ula\u015f\u0131ld\u0131.<br \/>\n<br \/>Sondaj \u00e7al\u0131\u015fmalar\u0131, Bozan k\u00f6y\u00fcnden hay\u0131rsever i\u015f insan\u0131 Ferhat Bekta\u015f\u2019\u0131n destekleri ile y\u00fcr\u00fct\u00fcld\u00fc. Sondaj yap\u0131lacak alan\u0131n tespiti \u015eemsettin Yi\u011fit taraf\u0131ndan ger\u00e7ekle\u015ftirilirken, kaz\u0131 ve teknik \u00e7al\u0131\u015fmalar Mehmet Yi\u011fit taraf\u0131ndan \u00fcstlenildi. \u00c7al\u0131\u015fmalar s\u00fcresince Bozan k\u00f6y\u00fc halk\u0131 da su tankeri deste\u011fiyle katk\u0131da bulundu.<br \/>\n<br \/>Bozan K\u00f6y\u00fc Muhtar\u0131 H\u00fcseyin Dilek, proje sonunda yapt\u0131\u011f\u0131 a\u00e7\u0131klamada \u015fu ifadelere yer verdi:<br \/>\n<br \/>&#8220;Se\u00e7im \u00f6ncesinde s\u00f6z verdi\u011fimiz hizmetlerden birini daha yerine getirmenin mutlulu\u011funu ya\u015f\u0131yoruz. K\u00f6y\u00fcm\u00fcz i\u00e7in hay\u0131rl\u0131 olsun&#8221; dedi.<br \/>\n<br \/>K\u00f6y sakinleri de yap\u0131lan hizmetten duyduklar\u0131 memnuniyeti dile getirerek, bu t\u00fcr projelerin devam etmesini temenni ettiklerini belirtti.<br \/><\/p>\n","protected":false},"excerpt":{"rendered":"<p>Afyonkarahisar\u2019\u0131n \u015euhut il\u00e7esine ba\u011fl\u0131 Bozan k\u00f6y\u00fcnde \u0130l \u00d6zel \u0130daresi taraf\u0131ndan uzun s\u00fcredir devam eden i\u00e7me suyu sorunu, yap\u0131lan sondaj \u00e7al\u0131\u015fmas\u0131yla \u00e7\u00f6z\u00fcme kavu\u015ftu. Ger\u00e7ekle\u015ftirilen \u00e7al\u0131\u015fma sonucunda k\u00f6y halk\u0131n\u0131n ihtiyac\u0131n\u0131 kar\u015f\u0131layacak miktarda temiz i\u00e7me suyu kayna\u011f\u0131na ula\u015f\u0131ld\u0131. Sondaj \u00e7al\u0131\u015fmalar\u0131, Bozan k\u00f6y\u00fcnden hay\u0131rsever i\u015f insan\u0131 Ferhat Bekta\u015f\u2019\u0131n destekleri ile y\u00fcr\u00fct\u00fcld\u00fc. Sondaj yap\u0131lacak alan\u0131n tespiti \u015eemsettin Yi\u011fit taraf\u0131ndan ger\u00e7ekle\u015ftirilirken,&#8230;<\/p>\n","protected":false},"author":1,"featured_media":46508,"comment_status":"open","ping_status":"open","sticky":false,"template":"","format":"standard","meta":{"_crdt_document":"","footnotes":""},"categories":[1],"tags":[],"class_list":["post-46507","post","type-post","status-publish","format-standard","has-post-thumbnail","hentry","category-guncel"],"_links":{"self":[{"href":"https:\/\/www.egemtv.com\/index.php?rest_route=\/wp\/v2\/posts\/46507","targetHints":{"allow":["GET"]}}],"collection":[{"href":"https:\/\/www.egemtv.com\/index.php?rest_route=\/wp\/v2\/posts"}],"about":[{"href":"https:\/\/www.egemtv.com\/index.php?rest_route=\/wp\/v2\/types\/post"}],"author":[{"embeddable":true,"href":"https:\/\/www.egemtv.com\/index.php?rest_route=\/wp\/v2\/users\/1"}],"replies":[{"embeddable":true,"href":"https:\/\/www.egemtv.com\/index.php?rest_route=%2Fwp%2Fv2%2Fcomments&post=46507"}],"version-history":[{"count":1,"href":"https:\/\/www.egemtv.com\/index.php?rest_route=\/wp\/v2\/posts\/46507\/revisions"}],"predecessor-version":[{"id":46509,"href":"https:\/\/www.egemtv.com\/index.php?rest_route=\/wp\/v2\/posts\/46507\/revisions\/46509"}],"wp:featuredmedia":[{"embeddable":true,"href":"https:\/\/www.egemtv.com\/index.php?rest_route=\/wp\/v2\/media\/46508"}],"wp:attachment":[{"href":"https:\/\/www.egemtv.com\/index.php?rest_route=%2Fwp%2Fv2%2Fmedia&parent=46507"}],"wp:term":[{"taxonomy":"category","embeddable":true,"href":"https:\/\/www.egemtv.com\/index.php?rest_route=%2Fwp%2Fv2%2Fcategories&post=46507"},{"taxonomy":"post_tag","embeddable":true,"href":"https:\/\/www.egemtv.com\/index.php?rest_route=%2Fwp%2Fv2%2Ftags&post=46507"}],"curies":[{"name":"wp","href":"https:\/\/api.w.org\/{rel}","templated":true}]}}