{"id":46504,"date":"2025-08-03T15:15:15","date_gmt":"2025-08-03T12:15:15","guid":{"rendered":"https:\/\/www.egemtv.com\/?p=46504"},"modified":"2025-08-03T15:15:15","modified_gmt":"2025-08-03T12:15:15","slug":"cesmede-eglence-mekanindaki-silahli-kavgayla-ilgili-2-kisi-tutuklandi","status":"publish","type":"post","link":"https:\/\/www.egemtv.com\/?p=46504","title":{"rendered":"\u00c7e\u015fme\u2019de e\u011flence mekan\u0131ndaki silahl\u0131 kavgayla ilgili 2 ki\u015fi tutukland\u0131"},"content":{"rendered":"<p>\u0130zmir\u2019in \u00c7e\u015fme il\u00e7esinde bir e\u011flence mekan\u0131nda \u00e7\u0131kan silahl\u0131 kavgada 7 ki\u015fi yaralan\u0131rken, olayla ilgili 2 ki\u015fi tutukland\u0131.<br \/>\n<br \/>Olay, d\u00fcn gece saat 01.00 s\u0131ralar\u0131nda Hac\u0131memi\u015f Mahallesi\u2019nde bulunan bir e\u011flence mekan\u0131nda meydana geldi. \u0130ddiaya g\u00f6re, Melik Efe A. (19) ve H\u00fcseyin Kerem A. (19), alkol ald\u0131ktan sonra mekanda ta\u015fk\u0131nl\u0131k \u00e7\u0131kard\u0131. \u0130\u015fletme sahibi, oyuncu Ezgi Mola\u2019n\u0131n eski e\u015fi Mustafa Aksakall\u0131 (39), \u015fah\u0131slara m\u00fcdahale etmek istedi. Bu s\u0131rada \u015f\u00fcphelilerden biri yan\u0131nda bulundurdu\u011fu tabancayla Aksakall\u0131\u2019ya ate\u015f a\u00e7t\u0131.<br \/>\n<br \/>Silahl\u0131 sald\u0131r\u0131 sonucu Mustafa Aksakall\u0131 sa\u011f baca\u011f\u0131ndan 2 kur\u015funla yaraland\u0131. Olay s\u0131ras\u0131nda mekanda bulunan Zeynep G. (25) ise seken kur\u015funun isabet etmesiyle hafif \u015fekilde yaraland\u0131. Ya\u015fanan panik s\u0131ras\u0131nda ka\u00e7maya \u00e7al\u0131\u015fan Kubilay Ege E. (20), Ahsen \u0130rem T. (20), Elifnaz Y. (20), Dila B. (21) ve Rabia Merve C. (33) ise k\u0131r\u0131lan cam par\u00e7alar\u0131ndan yaraland\u0131.<br \/>\n<br \/>\u0130hbar \u00fczerine olay yerine sa\u011fl\u0131k ekipleri sevk edildi. Yaral\u0131lar, ambulanslarla hastaneye kald\u0131r\u0131ld\u0131. Tedavileri tamamlanan 7 ki\u015fi, daha sonra taburcu edildi.<\/p>\n<p>\u015e\u00fcpheliler tutukland\u0131<br \/>\n<br \/>Olayla ilgili \u00e7al\u0131\u015fma ba\u015flatan \u00c7e\u015fme \u0130l\u00e7e Emniyet M\u00fcd\u00fcrl\u00fc\u011f\u00fc ve Organize Su\u00e7larla M\u00fccadele \u015eube M\u00fcd\u00fcrl\u00fc\u011f\u00fc ekipleri, k\u0131sa s\u00fcrede \u015f\u00fcpheliler Melik Efe A. ve H\u00fcseyin Kerem A.\u2019y\u0131 g\u00f6zalt\u0131na ald\u0131. \u015e\u00fcphelilerin ilk ifadelerinde, olay\u0131n masalar\u0131na yeterince ilgi g\u00f6sterilmedi\u011fi gerek\u00e7esiyle ba\u015flad\u0131\u011f\u0131n\u0131 s\u00f6yledikleri \u00f6\u011frenildi.<br \/>\n<br \/>Emniyetteki i\u015flemleri tamamlanan 2 \u015f\u00fcpheli, adliyeye sevk edildikten sonra tutuklanarak cezaevine g\u00f6nderildi.<br \/><\/p>\n","protected":false},"excerpt":{"rendered":"<p>\u0130zmir\u2019in \u00c7e\u015fme il\u00e7esinde bir e\u011flence mekan\u0131nda \u00e7\u0131kan silahl\u0131 kavgada 7 ki\u015fi yaralan\u0131rken, olayla ilgili 2 ki\u015fi tutukland\u0131. Olay, d\u00fcn gece saat 01.00 s\u0131ralar\u0131nda Hac\u0131memi\u015f Mahallesi\u2019nde bulunan bir e\u011flence mekan\u0131nda meydana geldi. \u0130ddiaya g\u00f6re, Melik Efe A. (19) ve H\u00fcseyin Kerem A. (19), alkol ald\u0131ktan sonra mekanda ta\u015fk\u0131nl\u0131k \u00e7\u0131kard\u0131. \u0130\u015fletme sahibi, oyuncu Ezgi Mola\u2019n\u0131n eski e\u015fi&#8230;<\/p>\n","protected":false},"author":1,"featured_media":46505,"comment_status":"open","ping_status":"open","sticky":false,"template":"","format":"standard","meta":{"_crdt_document":"","footnotes":""},"categories":[5],"tags":[],"class_list":["post-46504","post","type-post","status-publish","format-standard","has-post-thumbnail","hentry","category-asayis"],"_links":{"self":[{"href":"https:\/\/www.egemtv.com\/index.php?rest_route=\/wp\/v2\/posts\/46504","targetHints":{"allow":["GET"]}}],"collection":[{"href":"https:\/\/www.egemtv.com\/index.php?rest_route=\/wp\/v2\/posts"}],"about":[{"href":"https:\/\/www.egemtv.com\/index.php?rest_route=\/wp\/v2\/types\/post"}],"author":[{"embeddable":true,"href":"https:\/\/www.egemtv.com\/index.php?rest_route=\/wp\/v2\/users\/1"}],"replies":[{"embeddable":true,"href":"https:\/\/www.egemtv.com\/index.php?rest_route=%2Fwp%2Fv2%2Fcomments&post=46504"}],"version-history":[{"count":1,"href":"https:\/\/www.egemtv.com\/index.php?rest_route=\/wp\/v2\/posts\/46504\/revisions"}],"predecessor-version":[{"id":46506,"href":"https:\/\/www.egemtv.com\/index.php?rest_route=\/wp\/v2\/posts\/46504\/revisions\/46506"}],"wp:featuredmedia":[{"embeddable":true,"href":"https:\/\/www.egemtv.com\/index.php?rest_route=\/wp\/v2\/media\/46505"}],"wp:attachment":[{"href":"https:\/\/www.egemtv.com\/index.php?rest_route=%2Fwp%2Fv2%2Fmedia&parent=46504"}],"wp:term":[{"taxonomy":"category","embeddable":true,"href":"https:\/\/www.egemtv.com\/index.php?rest_route=%2Fwp%2Fv2%2Fcategories&post=46504"},{"taxonomy":"post_tag","embeddable":true,"href":"https:\/\/www.egemtv.com\/index.php?rest_route=%2Fwp%2Fv2%2Ftags&post=46504"}],"curies":[{"name":"wp","href":"https:\/\/api.w.org\/{rel}","templated":true}]}}