{"id":46501,"date":"2025-08-03T14:54:45","date_gmt":"2025-08-03T11:54:45","guid":{"rendered":"https:\/\/www.egemtv.com\/?p=46501"},"modified":"2025-08-03T14:54:45","modified_gmt":"2025-08-03T11:54:45","slug":"ekodosd-baskani-surucu-uyardi-kum-zambaklari-yok-olma-tehlikesiyle-karsi-karsiya","status":"publish","type":"post","link":"https:\/\/www.egemtv.com\/?p=46501","title":{"rendered":"EKODOSD Ba\u015fkan\u0131 S\u00fcr\u00fcc\u00fc uyard\u0131: &#8220;Kum zambaklar\u0131 yok olma tehlikesiyle kar\u015f\u0131 kar\u015f\u0131ya&#8221;"},"content":{"rendered":"<p>Ekosistemi Koruma ve Do\u011fa Sevenler Derne\u011fi (EKODOSD) Ba\u015fkan\u0131 Bahattin S\u00fcr\u00fcc\u00fc, T\u00fcrkiye\u2019nin nadir endemik t\u00fcrlerinden olan kum zambaklar\u0131n\u0131n insan bask\u0131s\u0131 ve bilin\u00e7siz kullan\u0131m nedeniyle tehdit alt\u0131nda oldu\u011funu belirterek uyar\u0131larda bulundu. S\u00fcr\u00fcc\u00fc, \u00f6zellikle Efes Sel\u00e7uk Pamucak sahilindeki kumullar\u0131n yo\u011fun bask\u0131 alt\u0131nda oldu\u011funu vurgulad\u0131.<\/p>\n<p>Kum zamba\u011f\u0131n\u0131n T\u00fcrkiye\u2019de do\u011fal olarak yeti\u015fti\u011fi bilinen ve kay\u0131t alt\u0131na al\u0131nan tek t\u00fcr oldu\u011funu belirten S\u00fcr\u00fcc\u00fc, bu bitkinin Akdeniz\u2019e \u00f6zg\u00fc, \u00e7ok y\u0131ll\u0131k ve so\u011fanl\u0131 bir t\u00fcr oldu\u011funu s\u00f6yledi. Ayd\u0131n\u2019da Didim Tav\u015fanburnu Tabiat Park\u0131, Ta\u015fburun Liman\u0131, B\u00fcy\u00fck Menderes Deltas\u0131 ve Dilek Yar\u0131madas\u0131 gibi \u00e7e\u015fitli alanlarda g\u00f6r\u00fcld\u00fc\u011f\u00fcn\u00fc ancak en yo\u011fun pop\u00fclasyonun Efes Sel\u00e7uk Pamucak kumullar\u0131nda oldu\u011funu ifade etti. S\u00fcr\u00fcc\u00fc, &#8220;G\u00fcn\u00fcbirlik ziyaret\u00e7iler taraf\u0131ndan bilin\u00e7siz yap\u0131lan faaliyetler, ATV ara\u00e7lar\u0131n\u0131n ge\u00e7i\u015fi, \u00e7evre kirlili\u011fi ve kontrols\u00fczl\u00fck y\u00fcz\u00fcnden kum zambaklar\u0131n\u0131n b\u00fcy\u00fck b\u00f6l\u00fcm\u00fc tahrip edildi. Alan\u0131 korumak i\u00e7in yerel y\u00f6netimler ve sivil toplum kurulu\u015flar\u0131n\u0131n ortak projeler geli\u015ftirmesi gerekiyor&#8221; dedi.<\/p>\n<p>Efes Sel\u00e7uk Belediyesi\u2019nin tesisleri \u00f6n\u00fcnde ah\u015fap ve tel \u00e7itlerle koruma \u00e7al\u0131\u015fmalar\u0131 yapt\u0131\u011f\u0131n\u0131 ancak baz\u0131 ziyaret\u00e7ilerin \u00e7itleri k\u0131rarak alana zarar vermeye devam etti\u011fini belirten S\u00fcr\u00fcc\u00fc, ekolojik hassasiyeti olan bu k\u0131y\u0131 kumullar\u0131n\u0131n korunmas\u0131 i\u00e7in ah\u015fap y\u00fcr\u00fcy\u00fc\u015f yollar\u0131 yap\u0131lmas\u0131, bilgilendirme tabelalar\u0131n\u0131n art\u0131r\u0131lmas\u0131 ve ziyaret\u00e7ilerin bilin\u00e7lendirilmesi gerekti\u011fini vurgulad\u0131.<\/p>\n<p>S\u00fcr\u00fcc\u00fc ayr\u0131ca bu alanlar\u0131n sadece bitkiler i\u00e7in de\u011fil; ku\u015flar ve deniz kaplumba\u011falar\u0131 gibi t\u00fcrler i\u00e7in de kritik \u00f6neme sahip oldu\u011funu, Pamucak sahillerinde son y\u0131llarda Caretta caretta t\u00fcr\u00fc kaplumba\u011falar\u0131n da yuvaland\u0131\u011f\u0131n\u0131 s\u00f6zlerine ekledi.<br \/><\/p>\n","protected":false},"excerpt":{"rendered":"<p>Ekosistemi Koruma ve Do\u011fa Sevenler Derne\u011fi (EKODOSD) Ba\u015fkan\u0131 Bahattin S\u00fcr\u00fcc\u00fc, T\u00fcrkiye\u2019nin nadir endemik t\u00fcrlerinden olan kum zambaklar\u0131n\u0131n insan bask\u0131s\u0131 ve bilin\u00e7siz kullan\u0131m nedeniyle tehdit alt\u0131nda oldu\u011funu belirterek uyar\u0131larda bulundu. S\u00fcr\u00fcc\u00fc, \u00f6zellikle Efes Sel\u00e7uk Pamucak sahilindeki kumullar\u0131n yo\u011fun bask\u0131 alt\u0131nda oldu\u011funu vurgulad\u0131. Kum zamba\u011f\u0131n\u0131n T\u00fcrkiye\u2019de do\u011fal olarak yeti\u015fti\u011fi bilinen ve kay\u0131t alt\u0131na al\u0131nan tek t\u00fcr oldu\u011funu&#8230;<\/p>\n","protected":false},"author":1,"featured_media":46502,"comment_status":"open","ping_status":"open","sticky":false,"template":"","format":"standard","meta":{"_crdt_document":"","footnotes":""},"categories":[1],"tags":[],"class_list":["post-46501","post","type-post","status-publish","format-standard","has-post-thumbnail","hentry","category-guncel"],"_links":{"self":[{"href":"https:\/\/www.egemtv.com\/index.php?rest_route=\/wp\/v2\/posts\/46501","targetHints":{"allow":["GET"]}}],"collection":[{"href":"https:\/\/www.egemtv.com\/index.php?rest_route=\/wp\/v2\/posts"}],"about":[{"href":"https:\/\/www.egemtv.com\/index.php?rest_route=\/wp\/v2\/types\/post"}],"author":[{"embeddable":true,"href":"https:\/\/www.egemtv.com\/index.php?rest_route=\/wp\/v2\/users\/1"}],"replies":[{"embeddable":true,"href":"https:\/\/www.egemtv.com\/index.php?rest_route=%2Fwp%2Fv2%2Fcomments&post=46501"}],"version-history":[{"count":1,"href":"https:\/\/www.egemtv.com\/index.php?rest_route=\/wp\/v2\/posts\/46501\/revisions"}],"predecessor-version":[{"id":46503,"href":"https:\/\/www.egemtv.com\/index.php?rest_route=\/wp\/v2\/posts\/46501\/revisions\/46503"}],"wp:featuredmedia":[{"embeddable":true,"href":"https:\/\/www.egemtv.com\/index.php?rest_route=\/wp\/v2\/media\/46502"}],"wp:attachment":[{"href":"https:\/\/www.egemtv.com\/index.php?rest_route=%2Fwp%2Fv2%2Fmedia&parent=46501"}],"wp:term":[{"taxonomy":"category","embeddable":true,"href":"https:\/\/www.egemtv.com\/index.php?rest_route=%2Fwp%2Fv2%2Fcategories&post=46501"},{"taxonomy":"post_tag","embeddable":true,"href":"https:\/\/www.egemtv.com\/index.php?rest_route=%2Fwp%2Fv2%2Ftags&post=46501"}],"curies":[{"name":"wp","href":"https:\/\/api.w.org\/{rel}","templated":true}]}}