{"id":46498,"date":"2025-08-03T14:54:44","date_gmt":"2025-08-03T11:54:44","guid":{"rendered":"https:\/\/www.egemtv.com\/?p=46498"},"modified":"2025-08-03T14:54:44","modified_gmt":"2025-08-03T11:54:44","slug":"akuttan-orman-sehitleri-icin-lokma-hayri","status":"publish","type":"post","link":"https:\/\/www.egemtv.com\/?p=46498","title":{"rendered":"AKUT\u2019tan orman \u015fehitleri i\u00e7in lokma hayr\u0131"},"content":{"rendered":"<p>Eski\u015fehir\u2019in Seyitgazi il\u00e7esine ba\u011fl\u0131 Fethiye ve B\u00fcy\u00fck Yayla mahallelerinde 22 Temmuz\u2019da ba\u015flayan orman yang\u0131n\u0131na m\u00fcdahale ederken hayatlar\u0131n\u0131 kaybeden 5\u2019i AKUT Arama Kurtarma Derne\u011fi g\u00f6n\u00fcll\u00fcs\u00fc ve 5\u2019i de orman i\u015f\u00e7isi olmak \u00fczere 10 ki\u015fi i\u00e7in derne\u011fin Manisa Ekibi taraf\u0131ndan anma program\u0131 d\u00fczenlenerek lokma hayr\u0131 yap\u0131ld\u0131.<br \/>\n<br \/>Eski\u015fehir\u2019in Seyitgazi il\u00e7esine ba\u011fl\u0131 Fethiye ve B\u00fcy\u00fck Yayla mahallelerinde 22 Temmuz\u2019da ba\u015flayan orman yang\u0131n\u0131na m\u00fcdahale eden 5 AKUT Arama Kurtarma Derne\u011fi g\u00f6n\u00fcll\u00fcs\u00fc ve 5 orman i\u015f\u00e7isi hayat\u0131n\u0131 kaybetmi\u015fti. Ya\u015fanan elim olay\u0131n ard\u0131ndan hayat\u0131n\u0131 kaybeden AKUT Arama Kurtarma Derne\u011fi Ankara Ekibi g\u00f6n\u00fcll\u00fcleri Alperen \u00d6zcan, Bayram Eren Arslan, \u0130lker Onar\u0131c\u0131, Muharrem Can ve Tekin Enes Sar\u0131y\u0131ld\u0131z ile orman i\u015f\u00e7ileri i\u00e7in derne\u011fin Manisa Ekibi anma program\u0131 d\u00fczenledi.<br \/>\n<br \/>\u015eehzadeler il\u00e7esindeki 15 Temmuz Demokrasi Meydan\u0131\u2019nda, AKUT Arama Kurtarma Derne\u011fi Manisa Ekibi g\u00f6n\u00fcll\u00fcleri taraf\u0131ndan kurulan stantta lokma ve lokum hayr\u0131 yap\u0131l\u0131rken, orman \u015fehitleri i\u00e7in dualar da edildi.<br \/>\n<br \/>\u00d6te yandan AFAD Manisa \u0130l M\u00fcd\u00fcr\u00fc Osman P\u0131ht\u0131l\u0131, AFAD Manisa \u0130l M\u00fcd\u00fcr Yard\u0131mc\u0131s\u0131 F\u0131rat \u015een, OGM \u0130l M\u00fcd\u00fcrl\u00fc\u011f\u00fc \u0130\u015fletme \u015eefi Halil Susuz, \u015eef Yard\u0131mc\u0131s\u0131 Ayla Y\u0131ld\u0131z \u015eahin, Yunusemre Belediyesi Afet Daire M\u00fcd\u00fcr\u00fc Tuncay \u00d6zt\u00fcrk, ANDA Arama Kurtarma Derne\u011fi g\u00f6n\u00fcll\u00fcleri de programa kat\u0131larak, AKUT Arama Kurtarma Derne\u011fi Manisa Ekibi\u2019ne taziyede bulundu.<br \/>\n<br \/>AKUT Arama Kurtarma Derne\u011fi Manisa Ekip lideri K\u00fcr\u015fat Utku Sat\u0131o\u011flu, &#8220;Eski\u015fehir Seyitgazi\u2019de \u00e7\u0131kan orman yang\u0131n\u0131na m\u00fcdahale ederken \u015fehadet mertebesi ile \u015fereflenen karde\u015flerimizin aziz hat\u0131ralar\u0131 i\u00e7in lokma hayr\u0131nda bulunduk. Ruhlar\u0131 \u015fad olsun&#8221; dedi.<br \/>\n<br \/>Yakla\u015f\u0131k 2 saat s\u00fcren lokma hayr\u0131na Manisal\u0131lar b\u00fcy\u00fck ilgili g\u00f6sterdi.<br \/><\/p>\n","protected":false},"excerpt":{"rendered":"<p>Eski\u015fehir\u2019in Seyitgazi il\u00e7esine ba\u011fl\u0131 Fethiye ve B\u00fcy\u00fck Yayla mahallelerinde 22 Temmuz\u2019da ba\u015flayan orman yang\u0131n\u0131na m\u00fcdahale ederken hayatlar\u0131n\u0131 kaybeden 5\u2019i AKUT Arama Kurtarma Derne\u011fi g\u00f6n\u00fcll\u00fcs\u00fc ve 5\u2019i de orman i\u015f\u00e7isi olmak \u00fczere 10 ki\u015fi i\u00e7in derne\u011fin Manisa Ekibi taraf\u0131ndan anma program\u0131 d\u00fczenlenerek lokma hayr\u0131 yap\u0131ld\u0131. Eski\u015fehir\u2019in Seyitgazi il\u00e7esine ba\u011fl\u0131 Fethiye ve B\u00fcy\u00fck Yayla mahallelerinde 22 Temmuz\u2019da&#8230;<\/p>\n","protected":false},"author":1,"featured_media":46499,"comment_status":"open","ping_status":"open","sticky":false,"template":"","format":"standard","meta":{"_crdt_document":"","footnotes":""},"categories":[123],"tags":[],"class_list":["post-46498","post","type-post","status-publish","format-standard","has-post-thumbnail","hentry","category-gundem"],"_links":{"self":[{"href":"https:\/\/www.egemtv.com\/index.php?rest_route=\/wp\/v2\/posts\/46498","targetHints":{"allow":["GET"]}}],"collection":[{"href":"https:\/\/www.egemtv.com\/index.php?rest_route=\/wp\/v2\/posts"}],"about":[{"href":"https:\/\/www.egemtv.com\/index.php?rest_route=\/wp\/v2\/types\/post"}],"author":[{"embeddable":true,"href":"https:\/\/www.egemtv.com\/index.php?rest_route=\/wp\/v2\/users\/1"}],"replies":[{"embeddable":true,"href":"https:\/\/www.egemtv.com\/index.php?rest_route=%2Fwp%2Fv2%2Fcomments&post=46498"}],"version-history":[{"count":1,"href":"https:\/\/www.egemtv.com\/index.php?rest_route=\/wp\/v2\/posts\/46498\/revisions"}],"predecessor-version":[{"id":46500,"href":"https:\/\/www.egemtv.com\/index.php?rest_route=\/wp\/v2\/posts\/46498\/revisions\/46500"}],"wp:featuredmedia":[{"embeddable":true,"href":"https:\/\/www.egemtv.com\/index.php?rest_route=\/wp\/v2\/media\/46499"}],"wp:attachment":[{"href":"https:\/\/www.egemtv.com\/index.php?rest_route=%2Fwp%2Fv2%2Fmedia&parent=46498"}],"wp:term":[{"taxonomy":"category","embeddable":true,"href":"https:\/\/www.egemtv.com\/index.php?rest_route=%2Fwp%2Fv2%2Fcategories&post=46498"},{"taxonomy":"post_tag","embeddable":true,"href":"https:\/\/www.egemtv.com\/index.php?rest_route=%2Fwp%2Fv2%2Ftags&post=46498"}],"curies":[{"name":"wp","href":"https:\/\/api.w.org\/{rel}","templated":true}]}}