{"id":46495,"date":"2025-08-03T14:34:47","date_gmt":"2025-08-03T11:34:47","guid":{"rendered":"https:\/\/www.egemtv.com\/?p=46495"},"modified":"2025-08-03T14:34:48","modified_gmt":"2025-08-03T11:34:48","slug":"yagisli-hava-kazayi-beraberinde-getirdi-2-yarali","status":"publish","type":"post","link":"https:\/\/www.egemtv.com\/?p=46495","title":{"rendered":"Ya\u011f\u0131\u015fl\u0131 hava kazay\u0131 beraberinde getirdi: 2 yaral\u0131"},"content":{"rendered":"<p>Manisa\u2019n\u0131n Selendi il\u00e7esinde d\u00fcn gece saatlerinde ya\u011f\u0131\u015fl\u0131 havan\u0131n etkisiyle kayganla\u015fan yolda s\u00fcr\u00fcc\u00fcs\u00fcn\u00fcn direksiyon hakimiyetini kaybetti\u011fi otomobil kar\u015f\u0131 \u015feritten gelen otomobille kafa kafaya \u00e7arp\u0131\u015ft\u0131. Kazada her iki arac\u0131n da s\u00fcr\u00fcc\u00fcleri yaraland\u0131.<br \/>\n<br \/>Kaza Selendi \u0130zmir Karayolu K\u0131n\u0131k mevkiinde saat 22.00 s\u0131ralar\u0131nda meydana geldi. N.Y. idaresindeki 43 KU 901 plakal\u0131 ara\u00e7 Selendi istikametine giderken ya\u011f\u0131\u015fl\u0131 hava nedeniyle bir anda s\u00fcr\u00fcc\u00fcs\u00fcn\u00fcn direksiyon hakimiyetini kaybetmesiyle birlikte kar\u015f\u0131 y\u00f6nden gelen 45 TU 560 plakal\u0131 A.B. idaresindeki ara\u00e7 ile kafa kafaya \u00e7arp\u0131\u015ft\u0131. \u00c7arp\u0131\u015fman\u0131n etkisiyle ara\u00e7 s\u00fcr\u00fcc\u00fcleri yaraland\u0131. Olay yerine \u00e7a\u011fr\u0131lan 112 sa\u011fl\u0131k ekipleri taraf\u0131ndan Selendi Devlet Hastanesine kald\u0131r\u0131lan s\u00fcr\u00fcc\u00fcler tedavi alt\u0131na al\u0131nd\u0131.<br \/>\n<br \/>Kaza yapan ara\u00e7lar hurdaya d\u00f6nerken Selendi yolu k\u0131sa s\u00fcreli\u011fine trafi\u011fe kapat\u0131ld\u0131. Ara\u00e7lar\u0131n \u00e7ekilmesinin ard\u0131ndan yol trafi\u011fe a\u00e7\u0131l\u0131rken kaza ile ilgili ara\u015ft\u0131rman\u0131n devam etti\u011fi bildirildi.<br \/><\/p>\n","protected":false},"excerpt":{"rendered":"<p>Manisa\u2019n\u0131n Selendi il\u00e7esinde d\u00fcn gece saatlerinde ya\u011f\u0131\u015fl\u0131 havan\u0131n etkisiyle kayganla\u015fan yolda s\u00fcr\u00fcc\u00fcs\u00fcn\u00fcn direksiyon hakimiyetini kaybetti\u011fi otomobil kar\u015f\u0131 \u015feritten gelen otomobille kafa kafaya \u00e7arp\u0131\u015ft\u0131. Kazada her iki arac\u0131n da s\u00fcr\u00fcc\u00fcleri yaraland\u0131. Kaza Selendi \u0130zmir Karayolu K\u0131n\u0131k mevkiinde saat 22.00 s\u0131ralar\u0131nda meydana geldi. N.Y. idaresindeki 43 KU 901 plakal\u0131 ara\u00e7 Selendi istikametine giderken ya\u011f\u0131\u015fl\u0131 hava nedeniyle bir&#8230;<\/p>\n","protected":false},"author":1,"featured_media":46496,"comment_status":"open","ping_status":"open","sticky":false,"template":"","format":"standard","meta":{"_crdt_document":"","footnotes":""},"categories":[5],"tags":[],"class_list":["post-46495","post","type-post","status-publish","format-standard","has-post-thumbnail","hentry","category-asayis"],"_links":{"self":[{"href":"https:\/\/www.egemtv.com\/index.php?rest_route=\/wp\/v2\/posts\/46495","targetHints":{"allow":["GET"]}}],"collection":[{"href":"https:\/\/www.egemtv.com\/index.php?rest_route=\/wp\/v2\/posts"}],"about":[{"href":"https:\/\/www.egemtv.com\/index.php?rest_route=\/wp\/v2\/types\/post"}],"author":[{"embeddable":true,"href":"https:\/\/www.egemtv.com\/index.php?rest_route=\/wp\/v2\/users\/1"}],"replies":[{"embeddable":true,"href":"https:\/\/www.egemtv.com\/index.php?rest_route=%2Fwp%2Fv2%2Fcomments&post=46495"}],"version-history":[{"count":1,"href":"https:\/\/www.egemtv.com\/index.php?rest_route=\/wp\/v2\/posts\/46495\/revisions"}],"predecessor-version":[{"id":46497,"href":"https:\/\/www.egemtv.com\/index.php?rest_route=\/wp\/v2\/posts\/46495\/revisions\/46497"}],"wp:featuredmedia":[{"embeddable":true,"href":"https:\/\/www.egemtv.com\/index.php?rest_route=\/wp\/v2\/media\/46496"}],"wp:attachment":[{"href":"https:\/\/www.egemtv.com\/index.php?rest_route=%2Fwp%2Fv2%2Fmedia&parent=46495"}],"wp:term":[{"taxonomy":"category","embeddable":true,"href":"https:\/\/www.egemtv.com\/index.php?rest_route=%2Fwp%2Fv2%2Fcategories&post=46495"},{"taxonomy":"post_tag","embeddable":true,"href":"https:\/\/www.egemtv.com\/index.php?rest_route=%2Fwp%2Fv2%2Ftags&post=46495"}],"curies":[{"name":"wp","href":"https:\/\/api.w.org\/{rel}","templated":true}]}}