{"id":46492,"date":"2025-08-03T14:34:46","date_gmt":"2025-08-03T11:34:46","guid":{"rendered":"https:\/\/www.egemtv.com\/?p=46492"},"modified":"2025-08-03T14:34:47","modified_gmt":"2025-08-03T11:34:47","slug":"yunusemre-mesleki-egitim-merkezinin-insaati-yuzde-50-tamamlandi","status":"publish","type":"post","link":"https:\/\/www.egemtv.com\/?p=46492","title":{"rendered":"Yunusemre Mesleki E\u011fitim Merkezi\u2019nin in\u015faat\u0131 y\u00fczde 50 tamamland\u0131"},"content":{"rendered":"<p>Manisa\u2019n\u0131n Yunusemre il\u00e7esinde yap\u0131m\u0131 s\u00fcren ve halk aras\u0131nda \u2019\u00c7\u0131rakl\u0131k Okulu\u2019 olarak bilinen Yunusemre Mesleki E\u011fitim Merkezi\u2019nin in\u015faat\u0131nda \u00e7al\u0131\u015fmalar t\u00fcm h\u0131z\u0131yla s\u00fcr\u00fcyor. Y\u00fczde 50\u2019si tamamlanan in\u015faat \u00e7al\u0131\u015fmalar\u0131n\u0131n y\u0131lba\u015f\u0131na kadar bitirilmesi bekleniyor.<br \/>\n<br \/>Manisa\u2019n\u0131n Yunusemre il\u00e7esinde yap\u0131m\u0131 s\u00fcren ve halk aras\u0131nda \u2019\u00c7\u0131rakl\u0131k Okulu\u2019 olarak bilinen Yunusemre Mesleki E\u011fitim Merkezi\u2019nin in\u015faat\u0131nda \u00e7al\u0131\u015fmalar t\u00fcm h\u0131z\u0131yla s\u00fcr\u00fcyor. Y\u00fcklenici firma yetkililerinden edinilen bilgilere g\u00f6re in\u015faat\u0131n \u015fu ana kadar y\u00fczde 50\u2019si tamamland\u0131. \u0130n\u015faatta bodrum ve zemin kat\u0131n tamamland\u0131\u011f\u0131, \u00fcst\u00fcne iki kat daha \u00e7\u0131k\u0131laca\u011f\u0131 bildirildi. Yetkililer, herhangi bir aksilik ya\u015fanmamas\u0131 durumunda in\u015faat\u0131n y\u0131lba\u015f\u0131na kadar tamamlanaca\u011f\u0131n\u0131 ifade etti.<\/p>\n<p>D\u00f6rt ayl\u0131k i\u015f kald\u0131<br \/>\n<br \/>Y\u0131l sonuna kadar \u00e7al\u0131\u015fmalar\u0131 bitirmeyi hedefleyen y\u00fcklenici firma yetkilileri, geri kalan s\u00fcrede d\u00f6rt ayl\u0131k bir i\u015f oldu\u011funu ve i\u015f plan\u0131n\u0131n aksamadan s\u00fcrd\u00fc\u011f\u00fcn\u00fc kaydetti.<\/p>\n<p>16 s\u0131n\u0131fl\u0131 merkez olacak<br \/>\n<br \/>Manisa \u0130l Milli E\u011fitim M\u00fcd\u00fcr\u00fc Mehmet U\u011furelli, merkezin fiziki donan\u0131m\u0131 hakk\u0131nda \u015fu bilgileri verdi: &#8220;Merkezde 16 s\u0131n\u0131f\u0131n yan\u0131 s\u0131ra \u00c7ok Ama\u00e7l\u0131 Salon, Cilt Bak\u0131m ve Kuaf\u00f6rl\u00fck At\u00f6lyesi, El Sanatlar\u0131 At\u00f6lyesi, Diki\u015f Nak\u0131\u015f At\u00f6lyesi, Yiyecek \u0130\u00e7ecek At\u00f6lyesi, Resim Dersli\u011fi, M\u00fczik Dersli\u011fi, \u0130dari Odalar, \u00d6\u011fretmenler Odas\u0131, bay\/bayan mescit, \u00e7ocuk oyun odas\u0131, malzeme odas\u0131, kantin, ar\u015fiv, s\u0131\u011f\u0131nak ve depo gibi alanlar yer alacak.&#8221;<br \/>\n<br \/>E\u011fitim merkezi tamamland\u0131\u011f\u0131nda b\u00f6lgedeki mesleki ve teknik e\u011fitime \u00f6nemli katk\u0131 sa\u011flamas\u0131 bekleniyor.<br \/><\/p>\n","protected":false},"excerpt":{"rendered":"<p>Manisa\u2019n\u0131n Yunusemre il\u00e7esinde yap\u0131m\u0131 s\u00fcren ve halk aras\u0131nda \u2019\u00c7\u0131rakl\u0131k Okulu\u2019 olarak bilinen Yunusemre Mesleki E\u011fitim Merkezi\u2019nin in\u015faat\u0131nda \u00e7al\u0131\u015fmalar t\u00fcm h\u0131z\u0131yla s\u00fcr\u00fcyor. Y\u00fczde 50\u2019si tamamlanan in\u015faat \u00e7al\u0131\u015fmalar\u0131n\u0131n y\u0131lba\u015f\u0131na kadar bitirilmesi bekleniyor. Manisa\u2019n\u0131n Yunusemre il\u00e7esinde yap\u0131m\u0131 s\u00fcren ve halk aras\u0131nda \u2019\u00c7\u0131rakl\u0131k Okulu\u2019 olarak bilinen Yunusemre Mesleki E\u011fitim Merkezi\u2019nin in\u015faat\u0131nda \u00e7al\u0131\u015fmalar t\u00fcm h\u0131z\u0131yla s\u00fcr\u00fcyor. Y\u00fcklenici firma yetkililerinden edinilen&#8230;<\/p>\n","protected":false},"author":1,"featured_media":46493,"comment_status":"open","ping_status":"open","sticky":false,"template":"","format":"standard","meta":{"_crdt_document":"","footnotes":""},"categories":[1],"tags":[],"class_list":["post-46492","post","type-post","status-publish","format-standard","has-post-thumbnail","hentry","category-guncel"],"_links":{"self":[{"href":"https:\/\/www.egemtv.com\/index.php?rest_route=\/wp\/v2\/posts\/46492","targetHints":{"allow":["GET"]}}],"collection":[{"href":"https:\/\/www.egemtv.com\/index.php?rest_route=\/wp\/v2\/posts"}],"about":[{"href":"https:\/\/www.egemtv.com\/index.php?rest_route=\/wp\/v2\/types\/post"}],"author":[{"embeddable":true,"href":"https:\/\/www.egemtv.com\/index.php?rest_route=\/wp\/v2\/users\/1"}],"replies":[{"embeddable":true,"href":"https:\/\/www.egemtv.com\/index.php?rest_route=%2Fwp%2Fv2%2Fcomments&post=46492"}],"version-history":[{"count":1,"href":"https:\/\/www.egemtv.com\/index.php?rest_route=\/wp\/v2\/posts\/46492\/revisions"}],"predecessor-version":[{"id":46494,"href":"https:\/\/www.egemtv.com\/index.php?rest_route=\/wp\/v2\/posts\/46492\/revisions\/46494"}],"wp:featuredmedia":[{"embeddable":true,"href":"https:\/\/www.egemtv.com\/index.php?rest_route=\/wp\/v2\/media\/46493"}],"wp:attachment":[{"href":"https:\/\/www.egemtv.com\/index.php?rest_route=%2Fwp%2Fv2%2Fmedia&parent=46492"}],"wp:term":[{"taxonomy":"category","embeddable":true,"href":"https:\/\/www.egemtv.com\/index.php?rest_route=%2Fwp%2Fv2%2Fcategories&post=46492"},{"taxonomy":"post_tag","embeddable":true,"href":"https:\/\/www.egemtv.com\/index.php?rest_route=%2Fwp%2Fv2%2Ftags&post=46492"}],"curies":[{"name":"wp","href":"https:\/\/api.w.org\/{rel}","templated":true}]}}