{"id":46486,"date":"2025-08-03T14:15:05","date_gmt":"2025-08-03T11:15:05","guid":{"rendered":"https:\/\/www.egemtv.com\/?p=46486"},"modified":"2025-08-03T14:15:06","modified_gmt":"2025-08-03T11:15:06","slug":"selendi-ak-parti-genclik-kollari-acara-emanet","status":"publish","type":"post","link":"https:\/\/www.egemtv.com\/?p=46486","title":{"rendered":"Selendi Ak Parti Gen\u00e7lik Kollar\u0131 Acar\u2019a Emanet."},"content":{"rendered":"<p>AK Parti Genel Merkezi taraf\u0131ndan, AK Parti Selendi \u0130l\u00e7e Gen\u00e7lik Kollar\u0131 Ba\u015fkanl\u0131\u011f\u0131 g\u00f6revinden istifa eden Ziya Akcan\u2019\u0131n yerine Numan Acar\u2019\u0131n atand\u0131\u011f\u0131 \u00f6\u011frenildi.<br \/>\n<br \/>Ge\u00e7ti\u011fimiz hafta Ziya Akcan\u2019\u0131n istifas\u0131yla bo\u015falan AK Parti Selendi \u0130l\u00e7e Gen\u00e7lik Kollar\u0131 Ba\u015fkanl\u0131\u011f\u0131na Numan Acar atand\u0131. AK Parti Selendi \u0130l\u00e7e Ba\u015fkan\u0131 \u015eafak Aydo\u011fu\u015f, \u0130l\u00e7e Gen\u00e7lik Kollar\u0131 Ba\u015fkanl\u0131\u011f\u0131 g\u00f6revine getirilen Acar\u2019\u0131 tebrik ederek, &#8220;Gen\u00e7lik Kollar\u0131 Ba\u015fkanl\u0131\u011f\u0131 g\u00f6revi, Genel Merkezimizin tensipleriyle Numan Acar karde\u015fimize tevdi edildi. Gen\u00e7lik Kollar\u0131 Ba\u015fkan\u0131m\u0131z olarak g\u00f6reve ba\u015flayan Numan Acar\u2019a ba\u015far\u0131lar diliyorum. Ayr\u0131ca, \u00f6nceki ba\u015fkan\u0131m\u0131z Ziya Akcan\u2019a bug\u00fcne kadar yapt\u0131\u011f\u0131 hizmetlerden dolay\u0131 te\u015fekk\u00fcr ediyorum.&#8221; dedi.<br \/>\n<br \/>Selendi\u2019de esnafl\u0131k yapan 19 ya\u015f\u0131ndaki Numan Acar, &#8220;AK Partimiz bu g\u00f6revi bize lay\u0131k g\u00f6rd\u00fc. Herkese te\u015fekk\u00fcr ediyorum. Bu g\u00f6revi en iyi \u015fekilde temsil edece\u011fim. Rabbim yard\u0131mc\u0131m\u0131z olsun.&#8221; dedi.<br \/><\/p>\n","protected":false},"excerpt":{"rendered":"<p>AK Parti Genel Merkezi taraf\u0131ndan, AK Parti Selendi \u0130l\u00e7e Gen\u00e7lik Kollar\u0131 Ba\u015fkanl\u0131\u011f\u0131 g\u00f6revinden istifa eden Ziya Akcan\u2019\u0131n yerine Numan Acar\u2019\u0131n atand\u0131\u011f\u0131 \u00f6\u011frenildi. Ge\u00e7ti\u011fimiz hafta Ziya Akcan\u2019\u0131n istifas\u0131yla bo\u015falan AK Parti Selendi \u0130l\u00e7e Gen\u00e7lik Kollar\u0131 Ba\u015fkanl\u0131\u011f\u0131na Numan Acar atand\u0131. AK Parti Selendi \u0130l\u00e7e Ba\u015fkan\u0131 \u015eafak Aydo\u011fu\u015f, \u0130l\u00e7e Gen\u00e7lik Kollar\u0131 Ba\u015fkanl\u0131\u011f\u0131 g\u00f6revine getirilen Acar\u2019\u0131 tebrik ederek, &#8220;Gen\u00e7lik&#8230;<\/p>\n","protected":false},"author":1,"featured_media":46487,"comment_status":"open","ping_status":"open","sticky":false,"template":"","format":"standard","meta":{"_crdt_document":"","footnotes":""},"categories":[127],"tags":[],"class_list":["post-46486","post","type-post","status-publish","format-standard","has-post-thumbnail","hentry","category-siyaset"],"_links":{"self":[{"href":"https:\/\/www.egemtv.com\/index.php?rest_route=\/wp\/v2\/posts\/46486","targetHints":{"allow":["GET"]}}],"collection":[{"href":"https:\/\/www.egemtv.com\/index.php?rest_route=\/wp\/v2\/posts"}],"about":[{"href":"https:\/\/www.egemtv.com\/index.php?rest_route=\/wp\/v2\/types\/post"}],"author":[{"embeddable":true,"href":"https:\/\/www.egemtv.com\/index.php?rest_route=\/wp\/v2\/users\/1"}],"replies":[{"embeddable":true,"href":"https:\/\/www.egemtv.com\/index.php?rest_route=%2Fwp%2Fv2%2Fcomments&post=46486"}],"version-history":[{"count":1,"href":"https:\/\/www.egemtv.com\/index.php?rest_route=\/wp\/v2\/posts\/46486\/revisions"}],"predecessor-version":[{"id":46488,"href":"https:\/\/www.egemtv.com\/index.php?rest_route=\/wp\/v2\/posts\/46486\/revisions\/46488"}],"wp:featuredmedia":[{"embeddable":true,"href":"https:\/\/www.egemtv.com\/index.php?rest_route=\/wp\/v2\/media\/46487"}],"wp:attachment":[{"href":"https:\/\/www.egemtv.com\/index.php?rest_route=%2Fwp%2Fv2%2Fmedia&parent=46486"}],"wp:term":[{"taxonomy":"category","embeddable":true,"href":"https:\/\/www.egemtv.com\/index.php?rest_route=%2Fwp%2Fv2%2Fcategories&post=46486"},{"taxonomy":"post_tag","embeddable":true,"href":"https:\/\/www.egemtv.com\/index.php?rest_route=%2Fwp%2Fv2%2Ftags&post=46486"}],"curies":[{"name":"wp","href":"https:\/\/api.w.org\/{rel}","templated":true}]}}