{"id":46483,"date":"2025-08-03T14:15:04","date_gmt":"2025-08-03T11:15:04","guid":{"rendered":"https:\/\/www.egemtv.com\/?p=46483"},"modified":"2025-08-03T14:15:05","modified_gmt":"2025-08-03T11:15:05","slug":"kaymakam-dogru-saglik-calisanlariyla-bir-araya-geldi","status":"publish","type":"post","link":"https:\/\/www.egemtv.com\/?p=46483","title":{"rendered":"Kaymakam Do\u011fru sa\u011fl\u0131k \u00e7al\u0131\u015fanlar\u0131yla bir araya geldi"},"content":{"rendered":"<p>Ayd\u0131n\u2019\u0131n Germencik il\u00e7esinde Kaymakam Sultan Do\u011fru, \u0130l\u00e7e Sa\u011fl\u0131k M\u00fcd\u00fcrl\u00fc\u011f\u00fc g\u00f6revine atanan H\u00fcseyin Zafer Alkaya\u2019ya hay\u0131rl\u0131 olsun ziyaretinde bulundu.<\/p>\n<p>Yeni g\u00f6revinde ba\u015far\u0131lar diledi\u011fi \u0130l\u00e7e Sa\u011fl\u0131k M\u00fcd\u00fcr\u00fc Alkaya ile bir s\u00fcre sohbet eden Kaymakam Do\u011fru, ziyareti kapsam\u0131nda m\u00fcd\u00fcrl\u00fckte g\u00f6rev yapan doktorlar ve sa\u011fl\u0131k personeliyle de bir araya geldi. Ziyaret s\u0131ras\u0131nda sa\u011fl\u0131k \u00e7al\u0131\u015fanlar\u0131n\u0131n taleplerini dinleyen Do\u011fru, il\u00e7ede y\u00fcr\u00fct\u00fclen sa\u011fl\u0131k hizmetleri hakk\u0131nda bilgi ald\u0131. Kaymakam Sultan Do\u011fru, vatanda\u015flara sunulan sa\u011fl\u0131k hizmetlerinin \u00f6nemine dikkat \u00e7ekerek, g\u00f6revine yeni ba\u015flayan Alkaya\u2019ya \u00e7al\u0131\u015fmalar\u0131nda ba\u015far\u0131 temennisinde bulundu.<br \/><\/p>\n","protected":false},"excerpt":{"rendered":"<p>Ayd\u0131n\u2019\u0131n Germencik il\u00e7esinde Kaymakam Sultan Do\u011fru, \u0130l\u00e7e Sa\u011fl\u0131k M\u00fcd\u00fcrl\u00fc\u011f\u00fc g\u00f6revine atanan H\u00fcseyin Zafer Alkaya\u2019ya hay\u0131rl\u0131 olsun ziyaretinde bulundu. Yeni g\u00f6revinde ba\u015far\u0131lar diledi\u011fi \u0130l\u00e7e Sa\u011fl\u0131k M\u00fcd\u00fcr\u00fc Alkaya ile bir s\u00fcre sohbet eden Kaymakam Do\u011fru, ziyareti kapsam\u0131nda m\u00fcd\u00fcrl\u00fckte g\u00f6rev yapan doktorlar ve sa\u011fl\u0131k personeliyle de bir araya geldi. Ziyaret s\u0131ras\u0131nda sa\u011fl\u0131k \u00e7al\u0131\u015fanlar\u0131n\u0131n taleplerini dinleyen Do\u011fru, il\u00e7ede y\u00fcr\u00fct\u00fclen&#8230;<\/p>\n","protected":false},"author":1,"featured_media":46484,"comment_status":"open","ping_status":"open","sticky":false,"template":"","format":"standard","meta":{"_crdt_document":"","footnotes":""},"categories":[1],"tags":[],"class_list":["post-46483","post","type-post","status-publish","format-standard","has-post-thumbnail","hentry","category-guncel"],"_links":{"self":[{"href":"https:\/\/www.egemtv.com\/index.php?rest_route=\/wp\/v2\/posts\/46483","targetHints":{"allow":["GET"]}}],"collection":[{"href":"https:\/\/www.egemtv.com\/index.php?rest_route=\/wp\/v2\/posts"}],"about":[{"href":"https:\/\/www.egemtv.com\/index.php?rest_route=\/wp\/v2\/types\/post"}],"author":[{"embeddable":true,"href":"https:\/\/www.egemtv.com\/index.php?rest_route=\/wp\/v2\/users\/1"}],"replies":[{"embeddable":true,"href":"https:\/\/www.egemtv.com\/index.php?rest_route=%2Fwp%2Fv2%2Fcomments&post=46483"}],"version-history":[{"count":1,"href":"https:\/\/www.egemtv.com\/index.php?rest_route=\/wp\/v2\/posts\/46483\/revisions"}],"predecessor-version":[{"id":46485,"href":"https:\/\/www.egemtv.com\/index.php?rest_route=\/wp\/v2\/posts\/46483\/revisions\/46485"}],"wp:featuredmedia":[{"embeddable":true,"href":"https:\/\/www.egemtv.com\/index.php?rest_route=\/wp\/v2\/media\/46484"}],"wp:attachment":[{"href":"https:\/\/www.egemtv.com\/index.php?rest_route=%2Fwp%2Fv2%2Fmedia&parent=46483"}],"wp:term":[{"taxonomy":"category","embeddable":true,"href":"https:\/\/www.egemtv.com\/index.php?rest_route=%2Fwp%2Fv2%2Fcategories&post=46483"},{"taxonomy":"post_tag","embeddable":true,"href":"https:\/\/www.egemtv.com\/index.php?rest_route=%2Fwp%2Fv2%2Ftags&post=46483"}],"curies":[{"name":"wp","href":"https:\/\/api.w.org\/{rel}","templated":true}]}}