{"id":46480,"date":"2025-08-03T13:54:53","date_gmt":"2025-08-03T10:54:53","guid":{"rendered":"https:\/\/www.egemtv.com\/?p=46480"},"modified":"2025-08-03T13:54:54","modified_gmt":"2025-08-03T10:54:54","slug":"uzay-meraklilari-beyagac-topuklu-yaylasinda-gokyuzunun-derinliklerini-kesfediyor","status":"publish","type":"post","link":"https:\/\/www.egemtv.com\/?p=46480","title":{"rendered":"Uzay merakl\u0131lar\u0131, Beya\u011fa\u00e7 Topuklu Yaylas\u0131\u2019nda g\u00f6ky\u00fcz\u00fcn\u00fcn derinliklerini ke\u015ffediyor"},"content":{"rendered":"<p>Denizli\u2019nin Beya\u011fa\u00e7 il\u00e7esinde bulunan bin 700 rak\u0131ml\u0131 Topuklu Yaylas\u0131\u2019nda d\u00fczenlenen 5\u2019inci Uluslararas\u0131 G\u00f6ky\u00fcz\u00fc G\u00f6zlem Etkinli\u011fi kat\u0131lan binlerce g\u00f6ky\u00fcz\u00fc merakl\u0131s\u0131n\u0131 a\u011f\u0131rl\u0131yor.<br \/>\n<br \/>Denizli\u2019de Beya\u011fa\u00e7 Belediyesi \u00f6nc\u00fcl\u00fc\u011f\u00fcnde Valilik, Denizli B\u00fcy\u00fck\u015fehir Belediyesi, G\u00fcney Ege Kalk\u0131nma Ajans\u0131 (GEKA), ADM Elektrik Da\u011f\u0131t\u0131m ve Kalebey Yerel Eylem Grubu Derne\u011fi\u2019nin i\u015f birli\u011finde G\u00f6k Bilimci Prof. Dr. Ethem Derman\u2019\u0131n ad\u0131n\u0131 d\u00fczenlenen Beya\u011fa\u00e7-Topuklu Yaylas\u0131 Uluslararas\u0131 G\u00f6ky\u00fcz\u00fc G\u00f6zlem Etkinli\u011fi binlerce g\u00f6ky\u00fcz\u00fc merakl\u0131lar\u0131n\u0131 5\u2019inci kez bir araya getirdi. Bin 700 rak\u0131ma sahip T\u00fcrkiye\u2019nin en karanl\u0131k noktalar\u0131ndan olan Topuklu Yaylas\u0131\u2019nda ger\u00e7ekle\u015ftirilen etkinli\u011fe yurt genelinde yakla\u015f\u0131k binlerce ki\u015fi kat\u0131ld\u0131. \u00d6nceki y\u0131llara oranla kat\u0131l\u0131m say\u0131lar\u0131nda ciddi art\u0131\u015f g\u00f6zlemlenen \u015fenlikte g\u00f6ky\u00fcz\u00fc merakl\u0131lar\u0131 i\u00e7in unutulmaz anlar ya\u015fand\u0131. Astrofoto\u011fraf\u00e7\u0131l\u0131k uzmanlar\u0131 g\u00f6ky\u00fcz\u00fcnde birbirinden \u00f6zel kareleri yakalarken, misafirlere ise g\u00f6ky\u00fcz\u00fcn\u00fc anlat\u0131ld\u0131.<br \/>\n<br \/>Etkinlikle &#8220;Uluslararas\u0131 Karanl\u0131k G\u00f6ky\u00fcz\u00fc Park\u0131&#8221; stat\u00fcs\u00fcn\u00fc almaya bir ad\u0131m daha yakla\u015fan Beya\u011fa\u00e7 Topuklu Yaylas\u0131, ulusal ve uluslararas\u0131 d\u00fczeyde bilinirli\u011finin artmas\u0131 ve y\u00f6re halk\u0131n\u0131n sosyal, k\u00fclt\u00fcrel ve ekonomik geli\u015fimine katk\u0131 sa\u011fland\u0131. G\u00f6zlem alan\u0131nda, profesyonel ve amat\u00f6rlerden olu\u015fan yakla\u015f\u0131k 50 g\u00f6kbilimcinin getirece\u011fi teleskoplarla, \u00fclkemizin en karanl\u0131k b\u00f6lgelerinden biri olan Topuklu Yaylas\u0131nda, t\u00fcm kat\u0131l\u0131mc\u0131lara a\u00e7\u0131k olarak, bir yandan g\u00f6ky\u00fcz\u00fc g\u00f6zlemi yap\u0131l\u0131rken, bir yandan da g\u00f6k cisimlerinin foto\u011fraflar\u0131 \u00e7ekildi. Etkinlikte, \u00f6zellikle astronomi alan\u0131nda uzman hocalar taraf\u0131ndan sunumlar ve \u00e7ocuklara y\u00f6nelik at\u00f6lye \u00e7al\u0131\u015fmalar\u0131 ger\u00e7ekle\u015ftirildi. I\u015f\u0131kland\u0131rmadan uzak ve yakla\u015f\u0131k bin 600 metre rak\u0131mda yer alan, verimli g\u00f6ky\u00fcz\u00fc g\u00f6zlemlerinin yap\u0131labildi\u011fi ender b\u00f6lgelerden biri olan Topuklu Yaylas\u0131\u2019nda, SQM cihazlar\u0131yla yap\u0131lan g\u00f6k parlakl\u0131\u011f\u0131 \u00f6l\u00e7\u00fcmlerinde olduk\u00e7a iyi de\u011ferler elde edildi.<\/p>\n<p>&#8220;Topuklu yaylas\u0131nda sadece karanl\u0131\u011f\u0131 vaat ediyoruz&#8221;<br \/>\n<br \/>Kat\u0131l\u0131mc\u0131lara Topuklu Yaylas\u0131nda sadece karanl\u0131k vaat ettiklerini ifade eden Profes\u00f6r Doktor Ethem Derman, &#8220;Burada Beya\u011fa\u00e7 Belediye Ba\u015fkan\u0131m\u0131z bizleri g\u00fczel \u015fekilde a\u011f\u0131rl\u0131yor Beya\u011fa\u00e7 Kaymakam\u0131m\u0131z g\u00fcvenli\u011fimiz sa\u011fl\u0131yor onlara \u00e7ok te\u015fekk\u00fcr ederim. Burada sizlere sadece g\u00f6k y\u00fcz\u00fcn\u00fc veriyoruz. Y\u0131ld\u0131zlar\u0131 g\u00f6rmeyi, bulutsular\u0131 g\u00f6rmeyi vaat ediyoruz. Teleskoplarla onlar\u0131 seyrederken aya bakarken \u00e7ok g\u00fczel \u015feyler g\u00f6receksiniz ve \u00e7ok keyif alacaks\u0131n\u0131z. G\u00f6ky\u00fcz\u00fcn\u00fc izlemek sizleri dertlerinizden uzakla\u015ft\u0131racak. Sizlerden iste\u011fim birbirinizi sevin sak\u0131n kavga etmeyin birbirinizi k\u0131rmay\u0131n&#8221; dedi.<\/p>\n<p>&#8220;Topuklu Yaylas\u0131n\u0131n Uluslararas\u0131 Karanl\u0131k G\u00f6ky\u00fcz\u00fc Park\u0131 olmas\u0131 T\u00fcrkiye i\u00e7in \u00e7ok \u00f6nemli&#8221;<br \/>\n<br \/>Topuklu Yaylas\u0131n\u0131n T\u00fcrkiye i\u00e7in \u00e7ok \u00f6nemli nokta oldu\u011fu ifade eden Beya\u011fa\u00e7 Belediye Ba\u015fkan\u0131 Sezayi P\u00fct\u00fcn, &#8220;Topuklu Yaylas\u0131ndaki karanl\u0131k derecesi T\u00fcrkiye genelinde \u00e7ok nadir bulunan yer. 21.80 derecelik karanl\u0131k \u00f6l\u00e7\u00fcm\u00fcne sahip bu de\u011fer T\u00fcrkiye\u2019nin hi\u00e7bir noktas\u0131nda al\u0131nmam\u0131\u015f bir de\u011fer. E\u011fer buras\u0131 Uluslararas\u0131 Karanl\u0131k G\u00f6ky\u00fcz\u00fc Park\u0131 stat\u00fcs\u00fc kazan\u0131rsa T\u00fcrkiye\u2019nin ilk g\u00f6ky\u00fcz\u00fc g\u00f6zlem park\u0131 olacak. \u015euanda yap\u0131lan \u00e7al\u0131\u015fmalarda Topuklu Yaylas\u0131 Beya\u011fa\u00e7 Belediyesinden al\u0131narak \u00f6zel \u015firketlere ihale edilmesi planlan\u0131yor. Bizler buna m\u00fcsaade etmeyece\u011fiz. Topuklu yaylas\u0131 bizlere atalar\u0131m\u0131zdan kalan bir mirast\u0131r. Topuklu Yaylas\u0131 Beya\u011fa\u00e7\u2019\u0131nd\u0131r ve b\u00f6yle kalacak. Bizler Beya\u011fa\u00e7 Belediyesi olarak Astro Bilim i\u00e7in ne gerekiyorsa yapamaya devam edece\u011fiz&#8221; \u015feklinde konu\u015ftu.<br \/><\/p>\n","protected":false},"excerpt":{"rendered":"<p>Denizli\u2019nin Beya\u011fa\u00e7 il\u00e7esinde bulunan bin 700 rak\u0131ml\u0131 Topuklu Yaylas\u0131\u2019nda d\u00fczenlenen 5\u2019inci Uluslararas\u0131 G\u00f6ky\u00fcz\u00fc G\u00f6zlem Etkinli\u011fi kat\u0131lan binlerce g\u00f6ky\u00fcz\u00fc merakl\u0131s\u0131n\u0131 a\u011f\u0131rl\u0131yor. Denizli\u2019de Beya\u011fa\u00e7 Belediyesi \u00f6nc\u00fcl\u00fc\u011f\u00fcnde Valilik, Denizli B\u00fcy\u00fck\u015fehir Belediyesi, G\u00fcney Ege Kalk\u0131nma Ajans\u0131 (GEKA), ADM Elektrik Da\u011f\u0131t\u0131m ve Kalebey Yerel Eylem Grubu Derne\u011fi\u2019nin i\u015f birli\u011finde G\u00f6k Bilimci Prof. Dr. Ethem Derman\u2019\u0131n ad\u0131n\u0131 d\u00fczenlenen Beya\u011fa\u00e7-Topuklu Yaylas\u0131 Uluslararas\u0131&#8230;<\/p>\n","protected":false},"author":1,"featured_media":46481,"comment_status":"open","ping_status":"open","sticky":false,"template":"","format":"standard","meta":{"_crdt_document":"","footnotes":""},"categories":[124],"tags":[],"class_list":["post-46480","post","type-post","status-publish","format-standard","has-post-thumbnail","hentry","category-bilim"],"_links":{"self":[{"href":"https:\/\/www.egemtv.com\/index.php?rest_route=\/wp\/v2\/posts\/46480","targetHints":{"allow":["GET"]}}],"collection":[{"href":"https:\/\/www.egemtv.com\/index.php?rest_route=\/wp\/v2\/posts"}],"about":[{"href":"https:\/\/www.egemtv.com\/index.php?rest_route=\/wp\/v2\/types\/post"}],"author":[{"embeddable":true,"href":"https:\/\/www.egemtv.com\/index.php?rest_route=\/wp\/v2\/users\/1"}],"replies":[{"embeddable":true,"href":"https:\/\/www.egemtv.com\/index.php?rest_route=%2Fwp%2Fv2%2Fcomments&post=46480"}],"version-history":[{"count":1,"href":"https:\/\/www.egemtv.com\/index.php?rest_route=\/wp\/v2\/posts\/46480\/revisions"}],"predecessor-version":[{"id":46482,"href":"https:\/\/www.egemtv.com\/index.php?rest_route=\/wp\/v2\/posts\/46480\/revisions\/46482"}],"wp:featuredmedia":[{"embeddable":true,"href":"https:\/\/www.egemtv.com\/index.php?rest_route=\/wp\/v2\/media\/46481"}],"wp:attachment":[{"href":"https:\/\/www.egemtv.com\/index.php?rest_route=%2Fwp%2Fv2%2Fmedia&parent=46480"}],"wp:term":[{"taxonomy":"category","embeddable":true,"href":"https:\/\/www.egemtv.com\/index.php?rest_route=%2Fwp%2Fv2%2Fcategories&post=46480"},{"taxonomy":"post_tag","embeddable":true,"href":"https:\/\/www.egemtv.com\/index.php?rest_route=%2Fwp%2Fv2%2Ftags&post=46480"}],"curies":[{"name":"wp","href":"https:\/\/api.w.org\/{rel}","templated":true}]}}