{"id":46477,"date":"2025-08-03T13:35:49","date_gmt":"2025-08-03T10:35:49","guid":{"rendered":"https:\/\/www.egemtv.com\/?p=46477"},"modified":"2025-08-03T13:35:50","modified_gmt":"2025-08-03T10:35:50","slug":"jaguarin-elektrikli-arabasi-kendi-kendine-yandi","status":"publish","type":"post","link":"https:\/\/www.egemtv.com\/?p=46477","title":{"rendered":"Jaguar\u2019\u0131n elektrikli arabas\u0131 kendi kendine yand\u0131"},"content":{"rendered":"<p>\u0130zmir\u2019in Buca il\u00e7esinde bir sanayi sitesine getirilen Jaguar marka elektrikli otomobil, hen\u00fcz belirlenemeyen bir nedenle alev alarak yanmaya ba\u015flad\u0131. Yang\u0131n, itfaiye ekiplerinin m\u00fcdahalesiyle kontrol alt\u0131na al\u0131n\u0131rken, olayla ilgili soru\u015fturma ba\u015flat\u0131ld\u0131.<br \/>\n<br \/>Olay, Buca\u2019daki 6. Sanayi Sitesi\u2019nde meydana geldi. Edinilen bilgiye g\u00f6re, bir ki\u015fi Jaguar marka elektrikli otomobilini servise getirdi. Arac\u0131n\u0131 uygun bir noktaya park eden s\u00fcr\u00fcc\u00fcn\u00fcn ayr\u0131lmas\u0131n\u0131n ard\u0131ndan, otomobil kendi kendine yanmaya ba\u015flad\u0131. Alevler k\u0131sa s\u00fcrede b\u00fcy\u00fcrken, \u00e7evredeki vatanda\u015flar\u0131n durumu bildirmesi \u00fczerine olay yerine itfaiye ve polis ekipleri sevk edildi.<br \/>\n<br \/>\u0130tfaiye ekiplerinin m\u00fcdahalesi sonucu yang\u0131n kontrol alt\u0131na al\u0131n\u0131rken, ara\u00e7 kullan\u0131lamaz hale geldi. Yang\u0131n anlar\u0131 ise \u00e7evredeki vatanda\u015flar taraf\u0131ndan cep telefonu kameras\u0131yla saniye saniye kaydedildi.<br \/>\n<br \/>Yang\u0131n\u0131n \u00e7\u0131k\u0131\u015f nedeninin, itfaiye ekiplerinin haz\u0131rlayaca\u011f\u0131 raporla netlik kazanaca\u011f\u0131 ifade edilirken, polis ekipleri olayla ilgili inceleme ba\u015flatt\u0131.<br \/><\/p>\n","protected":false},"excerpt":{"rendered":"<p>\u0130zmir\u2019in Buca il\u00e7esinde bir sanayi sitesine getirilen Jaguar marka elektrikli otomobil, hen\u00fcz belirlenemeyen bir nedenle alev alarak yanmaya ba\u015flad\u0131. Yang\u0131n, itfaiye ekiplerinin m\u00fcdahalesiyle kontrol alt\u0131na al\u0131n\u0131rken, olayla ilgili soru\u015fturma ba\u015flat\u0131ld\u0131. Olay, Buca\u2019daki 6. Sanayi Sitesi\u2019nde meydana geldi. Edinilen bilgiye g\u00f6re, bir ki\u015fi Jaguar marka elektrikli otomobilini servise getirdi. Arac\u0131n\u0131 uygun bir noktaya park eden s\u00fcr\u00fcc\u00fcn\u00fcn&#8230;<\/p>\n","protected":false},"author":1,"featured_media":46478,"comment_status":"open","ping_status":"open","sticky":false,"template":"","format":"standard","meta":{"_crdt_document":"","footnotes":""},"categories":[5],"tags":[],"class_list":["post-46477","post","type-post","status-publish","format-standard","has-post-thumbnail","hentry","category-asayis"],"_links":{"self":[{"href":"https:\/\/www.egemtv.com\/index.php?rest_route=\/wp\/v2\/posts\/46477","targetHints":{"allow":["GET"]}}],"collection":[{"href":"https:\/\/www.egemtv.com\/index.php?rest_route=\/wp\/v2\/posts"}],"about":[{"href":"https:\/\/www.egemtv.com\/index.php?rest_route=\/wp\/v2\/types\/post"}],"author":[{"embeddable":true,"href":"https:\/\/www.egemtv.com\/index.php?rest_route=\/wp\/v2\/users\/1"}],"replies":[{"embeddable":true,"href":"https:\/\/www.egemtv.com\/index.php?rest_route=%2Fwp%2Fv2%2Fcomments&post=46477"}],"version-history":[{"count":1,"href":"https:\/\/www.egemtv.com\/index.php?rest_route=\/wp\/v2\/posts\/46477\/revisions"}],"predecessor-version":[{"id":46479,"href":"https:\/\/www.egemtv.com\/index.php?rest_route=\/wp\/v2\/posts\/46477\/revisions\/46479"}],"wp:featuredmedia":[{"embeddable":true,"href":"https:\/\/www.egemtv.com\/index.php?rest_route=\/wp\/v2\/media\/46478"}],"wp:attachment":[{"href":"https:\/\/www.egemtv.com\/index.php?rest_route=%2Fwp%2Fv2%2Fmedia&parent=46477"}],"wp:term":[{"taxonomy":"category","embeddable":true,"href":"https:\/\/www.egemtv.com\/index.php?rest_route=%2Fwp%2Fv2%2Fcategories&post=46477"},{"taxonomy":"post_tag","embeddable":true,"href":"https:\/\/www.egemtv.com\/index.php?rest_route=%2Fwp%2Fv2%2Ftags&post=46477"}],"curies":[{"name":"wp","href":"https:\/\/api.w.org\/{rel}","templated":true}]}}