{"id":46474,"date":"2025-08-03T13:35:48","date_gmt":"2025-08-03T10:35:48","guid":{"rendered":"https:\/\/www.egemtv.com\/?p=46474"},"modified":"2025-08-03T13:35:49","modified_gmt":"2025-08-03T10:35:49","slug":"sultanhisarda-5-bin-metrekarelik-parke-tasi-calismasi-suruyor","status":"publish","type":"post","link":"https:\/\/www.egemtv.com\/?p=46474","title":{"rendered":"Sultanhisar\u2019da 5 bin metrekarelik parke ta\u015f\u0131 \u00e7al\u0131\u015fmas\u0131 s\u00fcr\u00fcyor"},"content":{"rendered":"<p>Ayd\u0131n\u2019\u0131n Sultanhisar il\u00e7esinde Kurtulu\u015f Mahallesi ile Madenler aras\u0131nda Ayd\u0131n B\u00fcy\u00fck\u015fehir Belediyesi\u2019nin deste\u011fiyle y\u00fcr\u00fct\u00fclen 5 bin metrekarelik parke ta\u015f\u0131 d\u00f6\u015feme \u00e7al\u0131\u015fmalar\u0131 h\u0131zla devam ediyor.<\/p>\n<p>Sultanhisar Belediye Ba\u015fkan\u0131 Osman Y\u0131ld\u0131r\u0131mkaya, y\u00fcr\u00fct\u00fclen \u00e7al\u0131\u015fmalarla ilgili yapt\u0131\u011f\u0131 a\u00e7\u0131klamada, &#8220;\u0130l\u00e7emiz Kurtulu\u015f Mahallesi De\u011firmen Yoku\u015fu\u2019ndan Madenler\u2019e uzanan 5 bin metrekare parke ta\u015f\u0131 \u00e7al\u0131\u015fmam\u0131z, Ayd\u0131n B\u00fcy\u00fck\u015fehir Belediyemizin deste\u011fiyle t\u00fcm h\u0131z\u0131yla s\u00fcr\u00fcyor&#8221; dedi. \u00c7al\u0131\u015fmalar\u0131n il\u00e7eye de\u011fer katt\u0131\u011f\u0131n\u0131 vurgulayan Ba\u015fkan Y\u0131ld\u0131r\u0131mkaya, Ayd\u0131n B\u00fcy\u00fck\u015fehir Belediye Ba\u015fkan\u0131 \u00d6zlem \u00c7er\u00e7io\u011flu\u2019na te\u015fekk\u00fcr ederek, &#8220;\u0130l\u00e7emize de\u011fer katan her hizmette imzas\u0131 olan topuklu efemiz, Ayd\u0131n B\u00fcy\u00fck\u015fehir Belediye Ba\u015fkan\u0131m\u0131z \u00d6zlem \u00c7er\u00e7io\u011flu\u2019na sonsuz te\u015fekk\u00fcrler&#8221; ifadelerini kulland\u0131.<\/p>\n<p>B\u00f6lgede ula\u015f\u0131m\u0131 kolayla\u015ft\u0131rmas\u0131 beklenen \u00e7al\u0131\u015fman\u0131n k\u0131sa s\u00fcrede tamamlanarak vatanda\u015flar\u0131n hizmetine sunulmas\u0131 hedefleniyor.<br \/><\/p>\n","protected":false},"excerpt":{"rendered":"<p>Ayd\u0131n\u2019\u0131n Sultanhisar il\u00e7esinde Kurtulu\u015f Mahallesi ile Madenler aras\u0131nda Ayd\u0131n B\u00fcy\u00fck\u015fehir Belediyesi\u2019nin deste\u011fiyle y\u00fcr\u00fct\u00fclen 5 bin metrekarelik parke ta\u015f\u0131 d\u00f6\u015feme \u00e7al\u0131\u015fmalar\u0131 h\u0131zla devam ediyor. Sultanhisar Belediye Ba\u015fkan\u0131 Osman Y\u0131ld\u0131r\u0131mkaya, y\u00fcr\u00fct\u00fclen \u00e7al\u0131\u015fmalarla ilgili yapt\u0131\u011f\u0131 a\u00e7\u0131klamada, &#8220;\u0130l\u00e7emiz Kurtulu\u015f Mahallesi De\u011firmen Yoku\u015fu\u2019ndan Madenler\u2019e uzanan 5 bin metrekare parke ta\u015f\u0131 \u00e7al\u0131\u015fmam\u0131z, Ayd\u0131n B\u00fcy\u00fck\u015fehir Belediyemizin deste\u011fiyle t\u00fcm h\u0131z\u0131yla s\u00fcr\u00fcyor&#8221; dedi. \u00c7al\u0131\u015fmalar\u0131n&#8230;<\/p>\n","protected":false},"author":1,"featured_media":46475,"comment_status":"open","ping_status":"open","sticky":false,"template":"","format":"standard","meta":{"_crdt_document":"","footnotes":""},"categories":[1],"tags":[],"class_list":["post-46474","post","type-post","status-publish","format-standard","has-post-thumbnail","hentry","category-guncel"],"_links":{"self":[{"href":"https:\/\/www.egemtv.com\/index.php?rest_route=\/wp\/v2\/posts\/46474","targetHints":{"allow":["GET"]}}],"collection":[{"href":"https:\/\/www.egemtv.com\/index.php?rest_route=\/wp\/v2\/posts"}],"about":[{"href":"https:\/\/www.egemtv.com\/index.php?rest_route=\/wp\/v2\/types\/post"}],"author":[{"embeddable":true,"href":"https:\/\/www.egemtv.com\/index.php?rest_route=\/wp\/v2\/users\/1"}],"replies":[{"embeddable":true,"href":"https:\/\/www.egemtv.com\/index.php?rest_route=%2Fwp%2Fv2%2Fcomments&post=46474"}],"version-history":[{"count":1,"href":"https:\/\/www.egemtv.com\/index.php?rest_route=\/wp\/v2\/posts\/46474\/revisions"}],"predecessor-version":[{"id":46476,"href":"https:\/\/www.egemtv.com\/index.php?rest_route=\/wp\/v2\/posts\/46474\/revisions\/46476"}],"wp:featuredmedia":[{"embeddable":true,"href":"https:\/\/www.egemtv.com\/index.php?rest_route=\/wp\/v2\/media\/46475"}],"wp:attachment":[{"href":"https:\/\/www.egemtv.com\/index.php?rest_route=%2Fwp%2Fv2%2Fmedia&parent=46474"}],"wp:term":[{"taxonomy":"category","embeddable":true,"href":"https:\/\/www.egemtv.com\/index.php?rest_route=%2Fwp%2Fv2%2Fcategories&post=46474"},{"taxonomy":"post_tag","embeddable":true,"href":"https:\/\/www.egemtv.com\/index.php?rest_route=%2Fwp%2Fv2%2Ftags&post=46474"}],"curies":[{"name":"wp","href":"https:\/\/api.w.org\/{rel}","templated":true}]}}